{"id":1648,"date":"2026-03-24T11:24:10","date_gmt":"2026-03-24T10:24:10","guid":{"rendered":"https:\/\/nextdestination.banyoles.cat\/?p=1648"},"modified":"2026-03-24T11:40:04","modified_gmt":"2026-03-24T10:40:04","slug":"banyoles-presenta-proyecto-gran-volta-para-cicloturismo","status":"publish","type":"post","link":"https:\/\/nextdestination.banyoles.cat\/es\/banyoles-presenta-proyecto-gran-volta-para-cicloturismo\/","title":{"rendered":"Banyoles presenta el proyecto &#8216;La Gran Volta&#8217;, una nueva actuaci\u00f3n en torno al cicloturismo"},"content":{"rendered":"<p><strong>\u2022 En el marco del proyecto \u2018La Gran Volta\u2019, actuaci\u00f3n n\u00famero 8 del PSTD Banyoles, Ciudad del Agua de la Convocatoria Extraordinaria 2022 del Plan de Recuperaci\u00f3n, Transformaci\u00f3n y Resiliencia, financiado por la Uni\u00f3n Europea \u2013 Next Generation EU.<\/strong><\/p>\n<p data-start=\"416\" data-end=\"884\">El Ayuntamiento de Banyoles ha presentado hoy la finalizaci\u00f3n de la parte de obra civil de una actuaci\u00f3n incluida en el Plan de Sostenibilidad Tur\u00edstica en Destino Banyoles (PSTD) &#8211; Ciudad del Agua, financiada con fondos Next Generation. En concreto, se ha ejecutado la instalaci\u00f3n de un contador de bicicletas, de una mesa de p\u00edcnic y un punto de autoreparaci\u00f3n de bicicletas del proyecto \u2018La Gran Volta a Banyoles\u2019, que ha contado con un presupuesto de 29.766 euros.<\/p>\n<p data-start=\"886\" data-end=\"1461\">Banyoles sigue realizando mejoras en torno al cicloturismo contempladas en el Plan Director de la Bicicleta, enmarcadas en el PSTD Banyoles, Ciudad del Agua. La m\u00e1s reciente de estas actuaciones ha sido la ejecuci\u00f3n de la parte de obra civil de la actuaci\u00f3n n\u00famero 8, que corresponde a la creaci\u00f3n de un producto de cicloturismo cultural \u201cLa Gran Volta a Banyoles\u201d, con la que se ha llevado a cabo la instalaci\u00f3n de tres elementos: un contador de bicicletas en el paseo Darder, un punto de autoreparaci\u00f3n de bicicletas y una mesa de p\u00edcnic en el espacio de la Riera Canaleta.<\/p>\n<p data-start=\"1463\" data-end=\"2219\"><strong>Albert Tubert<\/strong>, concejal de Aguas y regidor de Pol\u00edticas Medioambientales, ha destacado que \u201cdecidimos instalar este contador en este punto ya que conecta diferentes espacios importantes del municipio como son la Escuela Casa Nostra y el Instituto Pere Alsius, el Club Nataci\u00f3n Banyoles, y porque es la principal v\u00eda de acceso desde el Casco Antiguo a trav\u00e9s de la calle de la Barca hasta la zona del Estany\u201d, adem\u00e1s de se\u00f1alar que \u201cel aparato se puso en marcha el 4 de marzo y ya ha contabilizado unas 14.000 bicicletas y patinetes. Los datos nos han permitido saber que se contabilizan m\u00e1s en un d\u00eda cualquiera entre semana que los s\u00e1bados o domingos. Unas cifras que ponen de manifiesto que el uso de la bicicleta, entre la ciudadan\u00eda, es muy cotidiano\u201d.<\/p>\n<p data-start=\"2221\" data-end=\"2487\">En cuanto a la zona de p\u00edcnic y de autoreparaci\u00f3n instalada en el espacio de la Riera Canaleta, entre los barrios de Can Puig y Canaleta, se ha querido aprovechar a los cicloturistas que transitan por la V\u00eda Verde para que descubran el centro hist\u00f3rico de la ciudad.<\/p>\n<p data-start=\"2489\" data-end=\"2758\">Como complemento a \u201cLa Gran Volta\u201d habr\u00e1 la actuaci\u00f3n n\u00famero 12, en proceso de licitaci\u00f3n, de Se\u00f1alizaci\u00f3n Tur\u00edstica Inteligente para peatones y ciclistas en el entorno del Estany de Banyoles, que cuenta con un presupuesto de ejecuci\u00f3n por contrato de 164.582,55 euros.<\/p>\n<p data-start=\"2760\" data-end=\"2797\"><strong data-start=\"2760\" data-end=\"2797\">Inversi\u00f3n de m\u00e1s de 600.000 euros<\/strong><\/p>\n<p data-start=\"2799\" data-end=\"3433\">Una vez completada la actuaci\u00f3n n\u00famero 8, Banyoles ya ha realizado una inversi\u00f3n que ronda los 400.000 euros, destacando la mejora de la red de carriles bici con un importe de 293.572,16 euros. En los pr\u00f3ximos meses se llevar\u00e1 a cabo la actuaci\u00f3n n\u00famero 5, \u2018Centro E-bike de Banyoles\u2019, y la n\u00famero 12, ambas incluidas en el eje 2 de Eficiencia Energ\u00e9tica. Cuando se hayan ejecutado todas estas actuaciones, el Ayuntamiento de Banyoles habr\u00e1 invertido m\u00e1s de 600.000 euros en acciones en torno al cicloturismo e incluidas en el Plan Director de la Bicicleta. Una serie de inversiones financiadas a trav\u00e9s de los Fondos Next Generation.<\/p>\n","protected":false},"excerpt":{"rendered":"<p>\u2022 En el marco del proyecto \u2018La Gran Volta\u2019, actuaci\u00f3n n\u00famero 8 del PSTD Banyoles, Ciudad del Agua de la Convocatoria Extraordinaria 2022 del Plan de Recuperaci\u00f3n, Transformaci\u00f3n y Resiliencia, financiado por la Uni\u00f3n Europea \u2013 Next Generation EU. El Ayuntamiento de Banyoles ha presentado hoy la finalizaci\u00f3n de la parte de obra civil de&#8230;<\/p>\n","protected":false},"author":2,"featured_media":1644,"comment_status":"closed","ping_status":"closed","sticky":false,"template":"","format":"standard","meta":{"footnotes":""},"categories":[1],"tags":[57,58,69,97,102,95,59,56],"class_list":["post-1648","post","type-post","status-publish","format-standard","has-post-thumbnail","hentry","category-sin-categorizar","tag-ayuntamientodebanyoles","tag-banyoles","tag-cicloturismo","tag-estanydebanyoles","tag-granvolta","tag-lagobanyoles","tag-nextgeneration","tag-plansostenibilidadturistica"],"yoast_head":"<!-- This site is optimized with the Yoast SEO plugin v27.4 - https:\/\/yoast.com\/product\/yoast-seo-wordpress\/ -->\n<title>Banyoles presenta el proyecto &#039;La Gran Volta&#039;, una nueva actuaci\u00f3n en torno al cicloturismo - Banyoles \u00b7 Next Destination<\/title>\n<meta name=\"description\" content=\"El Ayuntamiento de Banyoles ha presentado el proyecto &#039;La Gran Volta&#039;, una actuaci\u00f3n en torno al cicloturismo.\" \/>\n<meta name=\"robots\" content=\"index, follow, max-snippet:-1, max-image-preview:large, max-video-preview:-1\" \/>\n<link rel=\"canonical\" href=\"https:\/\/nextdestination.banyoles.cat\/es\/banyoles-presenta-proyecto-gran-volta-para-cicloturismo\/\" \/>\n<meta property=\"og:locale\" content=\"es_ES\" \/>\n<meta property=\"og:type\" content=\"article\" \/>\n<meta property=\"og:title\" content=\"Banyoles presenta el proyecto &#039;La Gran Volta&#039;, una nueva actuaci\u00f3n en torno al cicloturismo - Banyoles \u00b7 Next Destination\" \/>\n<meta property=\"og:description\" content=\"El Ayuntamiento de Banyoles ha presentado el proyecto &#039;La Gran Volta&#039;, una actuaci\u00f3n en torno al cicloturismo.\" \/>\n<meta property=\"og:url\" content=\"https:\/\/nextdestination.banyoles.cat\/es\/banyoles-presenta-proyecto-gran-volta-para-cicloturismo\/\" \/>\n<meta property=\"og:site_name\" content=\"Banyoles \u00b7 Next Destination\" \/>\n<meta property=\"article:published_time\" content=\"2026-03-24T10:24:10+00:00\" \/>\n<meta property=\"article:modified_time\" content=\"2026-03-24T10:40:04+00:00\" \/>\n<meta property=\"og:image\" content=\"https:\/\/nextdestination.banyoles.cat\/wp-content\/uploads\/2026\/03\/GranVoltaBanyoles_2-1-scaled.jpg\" \/>\n\t<meta property=\"og:image:width\" content=\"2560\" \/>\n\t<meta property=\"og:image:height\" content=\"1920\" \/>\n\t<meta property=\"og:image:type\" content=\"image\/jpeg\" \/>\n<meta name=\"author\" content=\"Lidia Anglada\" \/>\n<meta name=\"twitter:card\" content=\"summary_large_image\" \/>\n<meta name=\"twitter:label1\" content=\"Escrito por\" \/>\n\t<meta name=\"twitter:data1\" content=\"Lidia Anglada\" \/>\n\t<meta name=\"twitter:label2\" content=\"Tiempo de lectura\" \/>\n\t<meta name=\"twitter:data2\" content=\"4 minutos\" \/>\n<script type=\"application\/ld+json\" class=\"yoast-schema-graph\">{\"@context\":\"https:\\\/\\\/schema.org\",\"@graph\":[{\"@type\":\"Article\",\"@id\":\"https:\\\/\\\/nextdestination.banyoles.cat\\\/es\\\/banyoles-presenta-proyecto-gran-volta-para-cicloturismo\\\/#article\",\"isPartOf\":{\"@id\":\"https:\\\/\\\/nextdestination.banyoles.cat\\\/es\\\/banyoles-presenta-proyecto-gran-volta-para-cicloturismo\\\/\"},\"author\":{\"name\":\"Lidia Anglada\",\"@id\":\"https:\\\/\\\/nextdestination.banyoles.cat\\\/es\\\/#\\\/schema\\\/person\\\/cd9310acb444b33ddd008463bd36e0f9\"},\"headline\":\"Banyoles presenta el proyecto &#8216;La Gran Volta&#8217;, una nueva actuaci\u00f3n en torno al cicloturismo\",\"datePublished\":\"2026-03-24T10:24:10+00:00\",\"dateModified\":\"2026-03-24T10:40:04+00:00\",\"mainEntityOfPage\":{\"@id\":\"https:\\\/\\\/nextdestination.banyoles.cat\\\/es\\\/banyoles-presenta-proyecto-gran-volta-para-cicloturismo\\\/\"},\"wordCount\":598,\"publisher\":{\"@id\":\"https:\\\/\\\/nextdestination.banyoles.cat\\\/es\\\/#organization\"},\"image\":{\"@id\":\"https:\\\/\\\/nextdestination.banyoles.cat\\\/es\\\/banyoles-presenta-proyecto-gran-volta-para-cicloturismo\\\/#primaryimage\"},\"thumbnailUrl\":\"https:\\\/\\\/nextdestination.banyoles.cat\\\/wp-content\\\/uploads\\\/2026\\\/03\\\/GranVoltaBanyoles_2-1-scaled.jpg\",\"keywords\":[\"AyuntamientoDeBanyoles\",\"Banyoles\",\"cicloturismo\",\"EstanydeBanyoles\",\"GranVolta\",\"lagoBanyoles\",\"NextGeneration\",\"PlanSostenibilidadTuristica\"],\"articleSection\":[\"Sin categorizar\"],\"inLanguage\":\"es\"},{\"@type\":\"WebPage\",\"@id\":\"https:\\\/\\\/nextdestination.banyoles.cat\\\/es\\\/banyoles-presenta-proyecto-gran-volta-para-cicloturismo\\\/\",\"url\":\"https:\\\/\\\/nextdestination.banyoles.cat\\\/es\\\/banyoles-presenta-proyecto-gran-volta-para-cicloturismo\\\/\",\"name\":\"Banyoles presenta el proyecto 'La Gran Volta', una nueva actuaci\u00f3n en torno al cicloturismo - Banyoles \u00b7 Next Destination\",\"isPartOf\":{\"@id\":\"https:\\\/\\\/nextdestination.banyoles.cat\\\/es\\\/#website\"},\"primaryImageOfPage\":{\"@id\":\"https:\\\/\\\/nextdestination.banyoles.cat\\\/es\\\/banyoles-presenta-proyecto-gran-volta-para-cicloturismo\\\/#primaryimage\"},\"image\":{\"@id\":\"https:\\\/\\\/nextdestination.banyoles.cat\\\/es\\\/banyoles-presenta-proyecto-gran-volta-para-cicloturismo\\\/#primaryimage\"},\"thumbnailUrl\":\"https:\\\/\\\/nextdestination.banyoles.cat\\\/wp-content\\\/uploads\\\/2026\\\/03\\\/GranVoltaBanyoles_2-1-scaled.jpg\",\"datePublished\":\"2026-03-24T10:24:10+00:00\",\"dateModified\":\"2026-03-24T10:40:04+00:00\",\"description\":\"El Ayuntamiento de Banyoles ha presentado el proyecto 'La Gran Volta', una actuaci\u00f3n en torno al cicloturismo.\",\"breadcrumb\":{\"@id\":\"https:\\\/\\\/nextdestination.banyoles.cat\\\/es\\\/banyoles-presenta-proyecto-gran-volta-para-cicloturismo\\\/#breadcrumb\"},\"inLanguage\":\"es\",\"potentialAction\":[{\"@type\":\"ReadAction\",\"target\":[\"https:\\\/\\\/nextdestination.banyoles.cat\\\/es\\\/banyoles-presenta-proyecto-gran-volta-para-cicloturismo\\\/\"]}]},{\"@type\":\"ImageObject\",\"inLanguage\":\"es\",\"@id\":\"https:\\\/\\\/nextdestination.banyoles.cat\\\/es\\\/banyoles-presenta-proyecto-gran-volta-para-cicloturismo\\\/#primaryimage\",\"url\":\"https:\\\/\\\/nextdestination.banyoles.cat\\\/wp-content\\\/uploads\\\/2026\\\/03\\\/GranVoltaBanyoles_2-1-scaled.jpg\",\"contentUrl\":\"https:\\\/\\\/nextdestination.banyoles.cat\\\/wp-content\\\/uploads\\\/2026\\\/03\\\/GranVoltaBanyoles_2-1-scaled.jpg\",\"width\":2560,\"height\":1920,\"caption\":\"imatge tram de la Gran Volta a Banyoles amb zona de p\u00edcnic i zona de reparaci\u00f3 de bicicletes\"},{\"@type\":\"BreadcrumbList\",\"@id\":\"https:\\\/\\\/nextdestination.banyoles.cat\\\/es\\\/banyoles-presenta-proyecto-gran-volta-para-cicloturismo\\\/#breadcrumb\",\"itemListElement\":[{\"@type\":\"ListItem\",\"position\":1,\"name\":\"Portada\",\"item\":\"https:\\\/\\\/nextdestination.banyoles.cat\\\/es\\\/nextgeneration\\\/\"},{\"@type\":\"ListItem\",\"position\":2,\"name\":\"Banyoles presenta el proyecto &#8216;La Gran Volta&#8217;, una nueva actuaci\u00f3n en torno al cicloturismo\"}]},{\"@type\":\"WebSite\",\"@id\":\"https:\\\/\\\/nextdestination.banyoles.cat\\\/es\\\/#website\",\"url\":\"https:\\\/\\\/nextdestination.banyoles.cat\\\/es\\\/\",\"name\":\"Nextgeneration\",\"description\":\"\",\"publisher\":{\"@id\":\"https:\\\/\\\/nextdestination.banyoles.cat\\\/es\\\/#organization\"},\"potentialAction\":[{\"@type\":\"SearchAction\",\"target\":{\"@type\":\"EntryPoint\",\"urlTemplate\":\"https:\\\/\\\/nextdestination.banyoles.cat\\\/es\\\/?s={search_term_string}\"},\"query-input\":{\"@type\":\"PropertyValueSpecification\",\"valueRequired\":true,\"valueName\":\"search_term_string\"}}],\"inLanguage\":\"es\"},{\"@type\":\"Organization\",\"@id\":\"https:\\\/\\\/nextdestination.banyoles.cat\\\/es\\\/#organization\",\"name\":\"Nextgeneration\",\"url\":\"https:\\\/\\\/nextdestination.banyoles.cat\\\/es\\\/\",\"logo\":{\"@type\":\"ImageObject\",\"inLanguage\":\"es\",\"@id\":\"https:\\\/\\\/nextdestination.banyoles.cat\\\/es\\\/#\\\/schema\\\/logo\\\/image\\\/\",\"url\":\"https:\\\/\\\/nextdestination.banyoles.cat\\\/wp-content\\\/uploads\\\/2024\\\/04\\\/Frame-11.png\",\"contentUrl\":\"https:\\\/\\\/nextdestination.banyoles.cat\\\/wp-content\\\/uploads\\\/2024\\\/04\\\/Frame-11.png\",\"width\":356,\"height\":142,\"caption\":\"Nextgeneration\"},\"image\":{\"@id\":\"https:\\\/\\\/nextdestination.banyoles.cat\\\/es\\\/#\\\/schema\\\/logo\\\/image\\\/\"}},{\"@type\":\"Person\",\"@id\":\"https:\\\/\\\/nextdestination.banyoles.cat\\\/es\\\/#\\\/schema\\\/person\\\/cd9310acb444b33ddd008463bd36e0f9\",\"name\":\"Lidia Anglada\",\"image\":{\"@type\":\"ImageObject\",\"inLanguage\":\"es\",\"@id\":\"https:\\\/\\\/secure.gravatar.com\\\/avatar\\\/2002a8c189e8bd9b31d58977f1d7704aea9b3048473fbc571dd9057080b51f88?s=96&d=mm&r=g\",\"url\":\"https:\\\/\\\/secure.gravatar.com\\\/avatar\\\/2002a8c189e8bd9b31d58977f1d7704aea9b3048473fbc571dd9057080b51f88?s=96&d=mm&r=g\",\"contentUrl\":\"https:\\\/\\\/secure.gravatar.com\\\/avatar\\\/2002a8c189e8bd9b31d58977f1d7704aea9b3048473fbc571dd9057080b51f88?s=96&d=mm&r=g\",\"caption\":\"Lidia Anglada\"},\"url\":\"https:\\\/\\\/nextdestination.banyoles.cat\\\/es\\\/author\\\/lidia\\\/\"}]}<\/script>\n<!-- \/ Yoast SEO plugin. -->","yoast_head_json":{"title":"Banyoles presenta el proyecto 'La Gran Volta', una nueva actuaci\u00f3n en torno al cicloturismo - Banyoles \u00b7 Next Destination","description":"El Ayuntamiento de Banyoles ha presentado el proyecto 'La Gran Volta', una actuaci\u00f3n en torno al cicloturismo.","robots":{"index":"index","follow":"follow","max-snippet":"max-snippet:-1","max-image-preview":"max-image-preview:large","max-video-preview":"max-video-preview:-1"},"canonical":"https:\/\/nextdestination.banyoles.cat\/es\/banyoles-presenta-proyecto-gran-volta-para-cicloturismo\/","og_locale":"es_ES","og_type":"article","og_title":"Banyoles presenta el proyecto 'La Gran Volta', una nueva actuaci\u00f3n en torno al cicloturismo - Banyoles \u00b7 Next Destination","og_description":"El Ayuntamiento de Banyoles ha presentado el proyecto 'La Gran Volta', una actuaci\u00f3n en torno al cicloturismo.","og_url":"https:\/\/nextdestination.banyoles.cat\/es\/banyoles-presenta-proyecto-gran-volta-para-cicloturismo\/","og_site_name":"Banyoles \u00b7 Next Destination","article_published_time":"2026-03-24T10:24:10+00:00","article_modified_time":"2026-03-24T10:40:04+00:00","og_image":[{"width":2560,"height":1920,"url":"https:\/\/nextdestination.banyoles.cat\/wp-content\/uploads\/2026\/03\/GranVoltaBanyoles_2-1-scaled.jpg","type":"image\/jpeg"}],"author":"Lidia Anglada","twitter_card":"summary_large_image","twitter_misc":{"Escrito por":"Lidia Anglada","Tiempo de lectura":"4 minutos"},"schema":{"@context":"https:\/\/schema.org","@graph":[{"@type":"Article","@id":"https:\/\/nextdestination.banyoles.cat\/es\/banyoles-presenta-proyecto-gran-volta-para-cicloturismo\/#article","isPartOf":{"@id":"https:\/\/nextdestination.banyoles.cat\/es\/banyoles-presenta-proyecto-gran-volta-para-cicloturismo\/"},"author":{"name":"Lidia Anglada","@id":"https:\/\/nextdestination.banyoles.cat\/es\/#\/schema\/person\/cd9310acb444b33ddd008463bd36e0f9"},"headline":"Banyoles presenta el proyecto &#8216;La Gran Volta&#8217;, una nueva actuaci\u00f3n en torno al cicloturismo","datePublished":"2026-03-24T10:24:10+00:00","dateModified":"2026-03-24T10:40:04+00:00","mainEntityOfPage":{"@id":"https:\/\/nextdestination.banyoles.cat\/es\/banyoles-presenta-proyecto-gran-volta-para-cicloturismo\/"},"wordCount":598,"publisher":{"@id":"https:\/\/nextdestination.banyoles.cat\/es\/#organization"},"image":{"@id":"https:\/\/nextdestination.banyoles.cat\/es\/banyoles-presenta-proyecto-gran-volta-para-cicloturismo\/#primaryimage"},"thumbnailUrl":"https:\/\/nextdestination.banyoles.cat\/wp-content\/uploads\/2026\/03\/GranVoltaBanyoles_2-1-scaled.jpg","keywords":["AyuntamientoDeBanyoles","Banyoles","cicloturismo","EstanydeBanyoles","GranVolta","lagoBanyoles","NextGeneration","PlanSostenibilidadTuristica"],"articleSection":["Sin categorizar"],"inLanguage":"es"},{"@type":"WebPage","@id":"https:\/\/nextdestination.banyoles.cat\/es\/banyoles-presenta-proyecto-gran-volta-para-cicloturismo\/","url":"https:\/\/nextdestination.banyoles.cat\/es\/banyoles-presenta-proyecto-gran-volta-para-cicloturismo\/","name":"Banyoles presenta el proyecto 'La Gran Volta', una nueva actuaci\u00f3n en torno al cicloturismo - Banyoles \u00b7 Next Destination","isPartOf":{"@id":"https:\/\/nextdestination.banyoles.cat\/es\/#website"},"primaryImageOfPage":{"@id":"https:\/\/nextdestination.banyoles.cat\/es\/banyoles-presenta-proyecto-gran-volta-para-cicloturismo\/#primaryimage"},"image":{"@id":"https:\/\/nextdestination.banyoles.cat\/es\/banyoles-presenta-proyecto-gran-volta-para-cicloturismo\/#primaryimage"},"thumbnailUrl":"https:\/\/nextdestination.banyoles.cat\/wp-content\/uploads\/2026\/03\/GranVoltaBanyoles_2-1-scaled.jpg","datePublished":"2026-03-24T10:24:10+00:00","dateModified":"2026-03-24T10:40:04+00:00","description":"El Ayuntamiento de Banyoles ha presentado el proyecto 'La Gran Volta', una actuaci\u00f3n en torno al cicloturismo.","breadcrumb":{"@id":"https:\/\/nextdestination.banyoles.cat\/es\/banyoles-presenta-proyecto-gran-volta-para-cicloturismo\/#breadcrumb"},"inLanguage":"es","potentialAction":[{"@type":"ReadAction","target":["https:\/\/nextdestination.banyoles.cat\/es\/banyoles-presenta-proyecto-gran-volta-para-cicloturismo\/"]}]},{"@type":"ImageObject","inLanguage":"es","@id":"https:\/\/nextdestination.banyoles.cat\/es\/banyoles-presenta-proyecto-gran-volta-para-cicloturismo\/#primaryimage","url":"https:\/\/nextdestination.banyoles.cat\/wp-content\/uploads\/2026\/03\/GranVoltaBanyoles_2-1-scaled.jpg","contentUrl":"https:\/\/nextdestination.banyoles.cat\/wp-content\/uploads\/2026\/03\/GranVoltaBanyoles_2-1-scaled.jpg","width":2560,"height":1920,"caption":"imatge tram de la Gran Volta a Banyoles amb zona de p\u00edcnic i zona de reparaci\u00f3 de bicicletes"},{"@type":"BreadcrumbList","@id":"https:\/\/nextdestination.banyoles.cat\/es\/banyoles-presenta-proyecto-gran-volta-para-cicloturismo\/#breadcrumb","itemListElement":[{"@type":"ListItem","position":1,"name":"Portada","item":"https:\/\/nextdestination.banyoles.cat\/es\/nextgeneration\/"},{"@type":"ListItem","position":2,"name":"Banyoles presenta el proyecto &#8216;La Gran Volta&#8217;, una nueva actuaci\u00f3n en torno al cicloturismo"}]},{"@type":"WebSite","@id":"https:\/\/nextdestination.banyoles.cat\/es\/#website","url":"https:\/\/nextdestination.banyoles.cat\/es\/","name":"Nextgeneration","description":"","publisher":{"@id":"https:\/\/nextdestination.banyoles.cat\/es\/#organization"},"potentialAction":[{"@type":"SearchAction","target":{"@type":"EntryPoint","urlTemplate":"https:\/\/nextdestination.banyoles.cat\/es\/?s={search_term_string}"},"query-input":{"@type":"PropertyValueSpecification","valueRequired":true,"valueName":"search_term_string"}}],"inLanguage":"es"},{"@type":"Organization","@id":"https:\/\/nextdestination.banyoles.cat\/es\/#organization","name":"Nextgeneration","url":"https:\/\/nextdestination.banyoles.cat\/es\/","logo":{"@type":"ImageObject","inLanguage":"es","@id":"https:\/\/nextdestination.banyoles.cat\/es\/#\/schema\/logo\/image\/","url":"https:\/\/nextdestination.banyoles.cat\/wp-content\/uploads\/2024\/04\/Frame-11.png","contentUrl":"https:\/\/nextdestination.banyoles.cat\/wp-content\/uploads\/2024\/04\/Frame-11.png","width":356,"height":142,"caption":"Nextgeneration"},"image":{"@id":"https:\/\/nextdestination.banyoles.cat\/es\/#\/schema\/logo\/image\/"}},{"@type":"Person","@id":"https:\/\/nextdestination.banyoles.cat\/es\/#\/schema\/person\/cd9310acb444b33ddd008463bd36e0f9","name":"Lidia Anglada","image":{"@type":"ImageObject","inLanguage":"es","@id":"https:\/\/secure.gravatar.com\/avatar\/2002a8c189e8bd9b31d58977f1d7704aea9b3048473fbc571dd9057080b51f88?s=96&d=mm&r=g","url":"https:\/\/secure.gravatar.com\/avatar\/2002a8c189e8bd9b31d58977f1d7704aea9b3048473fbc571dd9057080b51f88?s=96&d=mm&r=g","contentUrl":"https:\/\/secure.gravatar.com\/avatar\/2002a8c189e8bd9b31d58977f1d7704aea9b3048473fbc571dd9057080b51f88?s=96&d=mm&r=g","caption":"Lidia Anglada"},"url":"https:\/\/nextdestination.banyoles.cat\/es\/author\/lidia\/"}]}},"_links":{"self":[{"href":"https:\/\/nextdestination.banyoles.cat\/es\/wp-json\/wp\/v2\/posts\/1648","targetHints":{"allow":["GET"]}}],"collection":[{"href":"https:\/\/nextdestination.banyoles.cat\/es\/wp-json\/wp\/v2\/posts"}],"about":[{"href":"https:\/\/nextdestination.banyoles.cat\/es\/wp-json\/wp\/v2\/types\/post"}],"author":[{"embeddable":true,"href":"https:\/\/nextdestination.banyoles.cat\/es\/wp-json\/wp\/v2\/users\/2"}],"replies":[{"embeddable":true,"href":"https:\/\/nextdestination.banyoles.cat\/es\/wp-json\/wp\/v2\/comments?post=1648"}],"version-history":[{"count":5,"href":"https:\/\/nextdestination.banyoles.cat\/es\/wp-json\/wp\/v2\/posts\/1648\/revisions"}],"predecessor-version":[{"id":1654,"href":"https:\/\/nextdestination.banyoles.cat\/es\/wp-json\/wp\/v2\/posts\/1648\/revisions\/1654"}],"wp:featuredmedia":[{"embeddable":true,"href":"https:\/\/nextdestination.banyoles.cat\/es\/wp-json\/wp\/v2\/media\/1644"}],"wp:attachment":[{"href":"https:\/\/nextdestination.banyoles.cat\/es\/wp-json\/wp\/v2\/media?parent=1648"}],"wp:term":[{"taxonomy":"category","embeddable":true,"href":"https:\/\/nextdestination.banyoles.cat\/es\/wp-json\/wp\/v2\/categories?post=1648"},{"taxonomy":"post_tag","embeddable":true,"href":"https:\/\/nextdestination.banyoles.cat\/es\/wp-json\/wp\/v2\/tags?post=1648"}],"curies":[{"name":"wp","href":"https:\/\/api.w.org\/{rel}","templated":true}]}}