{"id":1637,"date":"2026-03-04T15:18:21","date_gmt":"2026-03-04T14:18:21","guid":{"rendered":"https:\/\/nextdestination.banyoles.cat\/?p=1637"},"modified":"2026-03-04T15:38:49","modified_gmt":"2026-03-04T14:38:49","slug":"banyoles-rehabilita-el-mirador-del-estany-en-banyoles","status":"publish","type":"post","link":"https:\/\/nextdestination.banyoles.cat\/es\/banyoles-rehabilita-el-mirador-del-estany-en-banyoles\/","title":{"rendered":"Banyoles finaliza la rehabilitaci\u00f3n del Mirador del Estany"},"content":{"rendered":"<p><strong>\u2022 El proyecto de mejora de este espacio de la ciudad se enmarca en la Convocatoria Extraordinaria 2022 Plan de Recuperaci\u00f3n, Transformaci\u00f3n y Resiliencia, Financiado por la Uni\u00f3n Europea &#8211; Next Generation EU.<\/strong><\/p>\n<p>Esta semana el Ayuntamiento de Banyoles ha finalizado las obras de rehabilitaci\u00f3n y mejora del Mirador del Estany (lago). La actuaci\u00f3n, incluida en el Plan de Sostenibilidad Tur\u00edstica en Destino Banyoles \u2013 Ciudad del Agua, financiada con fondos Next Generation, que ha corrido a cargo de la empresa Salvador Serra SA, ha contado con un presupuesto de 62.315 euros y ha tenido un plazo de ejecuci\u00f3n de unos 4 meses.<\/p>\n<p>Uno de los cambios m\u00e1s significativos que han comportado las obras de rehabilitaci\u00f3n del Mirador del Estany ha sido el cambio de lugar del aparcamiento que se ha colocado al otro lado del camino que da acceso al Puig de Sant Martiri\u00e0 para separar los veh\u00edculos del mirador. <strong>Miquel Noguer<\/strong>, alcalde de Banyoles, ha destacado que \u00abhemos conseguido dar un nuevo aire a este espacio, que ahora es mucho m\u00e1s amable y agradable, y del que podr\u00e1 disfrutar tanto la gente que nos visita, como tambi\u00e9n los propios habitantes de Banyoles. En definitiva, es otra actuaci\u00f3n de estos lugares t\u00edpicos y aut\u00e9nticos de nuestra casa, como la que hicimos en el Mirador Joan de Palau satisfechos\u201d.<\/p>\n<p>Las obras tambi\u00e9n han consistido en la construcci\u00f3n de unos bancos y muros de hormig\u00f3n armado, de color travertino, para definir una superficie de arena que sirve como espacio de estancia previo al acceso al mirador. Este espacio mantiene las cuatro encinas que ya estaban all\u00ed y se ha complementado con m\u00e1s vegetaci\u00f3n, buscando mejorar el confort visual y f\u00edsico del sitio. As\u00ed, se han plantado cinco encinas, tres robles, cinco cipreses y tres zonas diferenciadas con lentisco. Sin embargo, se ha construido un itinerario para conectar la explanada de sabl\u00f3n con la parte baja del mirador.<\/p>\n<p>Por \u00faltimo, se han colocado tres paneles informativos en los laterales de las entradas del Mirador, uno de los usos del Estany y de su entorno natural, uno de las Rutas a pie, y uno del Puig de Sant Martiri\u00e0: Mirador de la Creu y Convent Vell.<\/p>\n","protected":false},"excerpt":{"rendered":"<p>\u2022 El proyecto de mejora de este espacio de la ciudad se enmarca en la Convocatoria Extraordinaria 2022 Plan de Recuperaci\u00f3n, Transformaci\u00f3n y Resiliencia, Financiado por la Uni\u00f3n Europea &#8211; Next Generation EU. Esta semana el Ayuntamiento de Banyoles ha finalizado las obras de rehabilitaci\u00f3n y mejora del Mirador del Estany (lago). La actuaci\u00f3n, incluida&#8230;<\/p>\n","protected":false},"author":2,"featured_media":1633,"comment_status":"closed","ping_status":"closed","sticky":false,"template":"","format":"standard","meta":{"footnotes":""},"categories":[1],"tags":[57,58,97,95,60,100,59,56],"class_list":["post-1637","post","type-post","status-publish","format-standard","has-post-thumbnail","hentry","category-sin-categorizar","tag-ayuntamientodebanyoles","tag-banyoles","tag-estanydebanyoles","tag-lagobanyoles","tag-mirador","tag-miradordelestany","tag-nextgeneration","tag-plansostenibilidadturistica"],"yoast_head":"<!-- This site is optimized with the Yoast SEO plugin v27.4 - https:\/\/yoast.com\/product\/yoast-seo-wordpress\/ -->\n<title>Banyoles finaliza la rehabilitaci\u00f3n del Mirador del Estany - Banyoles \u00b7 Next Destination<\/title>\n<meta name=\"description\" content=\"El Ayuntamiento de Banyoles ha finalizado la rehabilitaci\u00f3n del Mirador del Estany.\" \/>\n<meta name=\"robots\" content=\"index, follow, max-snippet:-1, max-image-preview:large, max-video-preview:-1\" \/>\n<link rel=\"canonical\" href=\"https:\/\/nextdestination.banyoles.cat\/es\/banyoles-rehabilita-el-mirador-del-estany-en-banyoles\/\" \/>\n<meta property=\"og:locale\" content=\"es_ES\" \/>\n<meta property=\"og:type\" content=\"article\" \/>\n<meta property=\"og:title\" content=\"Banyoles finaliza la rehabilitaci\u00f3n del Mirador del Estany - Banyoles \u00b7 Next Destination\" \/>\n<meta property=\"og:description\" content=\"El Ayuntamiento de Banyoles ha finalizado la rehabilitaci\u00f3n del Mirador del Estany.\" \/>\n<meta property=\"og:url\" content=\"https:\/\/nextdestination.banyoles.cat\/es\/banyoles-rehabilita-el-mirador-del-estany-en-banyoles\/\" \/>\n<meta property=\"og:site_name\" content=\"Banyoles \u00b7 Next Destination\" \/>\n<meta property=\"article:published_time\" content=\"2026-03-04T14:18:21+00:00\" \/>\n<meta property=\"article:modified_time\" content=\"2026-03-04T14:38:49+00:00\" \/>\n<meta property=\"og:image\" content=\"https:\/\/nextdestination.banyoles.cat\/wp-content\/uploads\/2026\/03\/Mirador-Estany-Banyoles-projecte-Next-Generation_1-scaled.jpg\" \/>\n\t<meta property=\"og:image:width\" content=\"2560\" \/>\n\t<meta property=\"og:image:height\" content=\"1920\" \/>\n\t<meta property=\"og:image:type\" content=\"image\/jpeg\" \/>\n<meta name=\"author\" content=\"Lidia Anglada\" \/>\n<meta name=\"twitter:card\" content=\"summary_large_image\" \/>\n<meta name=\"twitter:label1\" content=\"Escrito por\" \/>\n\t<meta name=\"twitter:data1\" content=\"Lidia Anglada\" \/>\n\t<meta name=\"twitter:label2\" content=\"Tiempo de lectura\" \/>\n\t<meta name=\"twitter:data2\" content=\"3 minutos\" \/>\n<script type=\"application\/ld+json\" class=\"yoast-schema-graph\">{\"@context\":\"https:\\\/\\\/schema.org\",\"@graph\":[{\"@type\":\"Article\",\"@id\":\"https:\\\/\\\/nextdestination.banyoles.cat\\\/es\\\/banyoles-rehabilita-el-mirador-del-estany-en-banyoles\\\/#article\",\"isPartOf\":{\"@id\":\"https:\\\/\\\/nextdestination.banyoles.cat\\\/es\\\/banyoles-rehabilita-el-mirador-del-estany-en-banyoles\\\/\"},\"author\":{\"name\":\"Lidia Anglada\",\"@id\":\"https:\\\/\\\/nextdestination.banyoles.cat\\\/es\\\/#\\\/schema\\\/person\\\/cd9310acb444b33ddd008463bd36e0f9\"},\"headline\":\"Banyoles finaliza la rehabilitaci\u00f3n del Mirador del Estany\",\"datePublished\":\"2026-03-04T14:18:21+00:00\",\"dateModified\":\"2026-03-04T14:38:49+00:00\",\"mainEntityOfPage\":{\"@id\":\"https:\\\/\\\/nextdestination.banyoles.cat\\\/es\\\/banyoles-rehabilita-el-mirador-del-estany-en-banyoles\\\/\"},\"wordCount\":389,\"publisher\":{\"@id\":\"https:\\\/\\\/nextdestination.banyoles.cat\\\/es\\\/#organization\"},\"image\":{\"@id\":\"https:\\\/\\\/nextdestination.banyoles.cat\\\/es\\\/banyoles-rehabilita-el-mirador-del-estany-en-banyoles\\\/#primaryimage\"},\"thumbnailUrl\":\"https:\\\/\\\/nextdestination.banyoles.cat\\\/wp-content\\\/uploads\\\/2026\\\/03\\\/Mirador-Estany-Banyoles-projecte-Next-Generation_1-scaled.jpg\",\"keywords\":[\"AyuntamientoDeBanyoles\",\"Banyoles\",\"EstanydeBanyoles\",\"lagoBanyoles\",\"mirador\",\"MiradorDelEstany\",\"NextGeneration\",\"PlanSostenibilidadTuristica\"],\"articleSection\":[\"Sin categorizar\"],\"inLanguage\":\"es\"},{\"@type\":\"WebPage\",\"@id\":\"https:\\\/\\\/nextdestination.banyoles.cat\\\/es\\\/banyoles-rehabilita-el-mirador-del-estany-en-banyoles\\\/\",\"url\":\"https:\\\/\\\/nextdestination.banyoles.cat\\\/es\\\/banyoles-rehabilita-el-mirador-del-estany-en-banyoles\\\/\",\"name\":\"Banyoles finaliza la rehabilitaci\u00f3n del Mirador del Estany - Banyoles \u00b7 Next Destination\",\"isPartOf\":{\"@id\":\"https:\\\/\\\/nextdestination.banyoles.cat\\\/es\\\/#website\"},\"primaryImageOfPage\":{\"@id\":\"https:\\\/\\\/nextdestination.banyoles.cat\\\/es\\\/banyoles-rehabilita-el-mirador-del-estany-en-banyoles\\\/#primaryimage\"},\"image\":{\"@id\":\"https:\\\/\\\/nextdestination.banyoles.cat\\\/es\\\/banyoles-rehabilita-el-mirador-del-estany-en-banyoles\\\/#primaryimage\"},\"thumbnailUrl\":\"https:\\\/\\\/nextdestination.banyoles.cat\\\/wp-content\\\/uploads\\\/2026\\\/03\\\/Mirador-Estany-Banyoles-projecte-Next-Generation_1-scaled.jpg\",\"datePublished\":\"2026-03-04T14:18:21+00:00\",\"dateModified\":\"2026-03-04T14:38:49+00:00\",\"description\":\"El Ayuntamiento de Banyoles ha finalizado la rehabilitaci\u00f3n del Mirador del Estany.\",\"breadcrumb\":{\"@id\":\"https:\\\/\\\/nextdestination.banyoles.cat\\\/es\\\/banyoles-rehabilita-el-mirador-del-estany-en-banyoles\\\/#breadcrumb\"},\"inLanguage\":\"es\",\"potentialAction\":[{\"@type\":\"ReadAction\",\"target\":[\"https:\\\/\\\/nextdestination.banyoles.cat\\\/es\\\/banyoles-rehabilita-el-mirador-del-estany-en-banyoles\\\/\"]}]},{\"@type\":\"ImageObject\",\"inLanguage\":\"es\",\"@id\":\"https:\\\/\\\/nextdestination.banyoles.cat\\\/es\\\/banyoles-rehabilita-el-mirador-del-estany-en-banyoles\\\/#primaryimage\",\"url\":\"https:\\\/\\\/nextdestination.banyoles.cat\\\/wp-content\\\/uploads\\\/2026\\\/03\\\/Mirador-Estany-Banyoles-projecte-Next-Generation_1-scaled.jpg\",\"contentUrl\":\"https:\\\/\\\/nextdestination.banyoles.cat\\\/wp-content\\\/uploads\\\/2026\\\/03\\\/Mirador-Estany-Banyoles-projecte-Next-Generation_1-scaled.jpg\",\"width\":2560,\"height\":1920,\"caption\":\"fotografia de l'espai rehabilitat del Mirador de l'Estany de Banyoles\"},{\"@type\":\"BreadcrumbList\",\"@id\":\"https:\\\/\\\/nextdestination.banyoles.cat\\\/es\\\/banyoles-rehabilita-el-mirador-del-estany-en-banyoles\\\/#breadcrumb\",\"itemListElement\":[{\"@type\":\"ListItem\",\"position\":1,\"name\":\"Portada\",\"item\":\"https:\\\/\\\/nextdestination.banyoles.cat\\\/es\\\/nextgeneration\\\/\"},{\"@type\":\"ListItem\",\"position\":2,\"name\":\"Banyoles finaliza la rehabilitaci\u00f3n del Mirador del Estany\"}]},{\"@type\":\"WebSite\",\"@id\":\"https:\\\/\\\/nextdestination.banyoles.cat\\\/es\\\/#website\",\"url\":\"https:\\\/\\\/nextdestination.banyoles.cat\\\/es\\\/\",\"name\":\"Nextgeneration\",\"description\":\"\",\"publisher\":{\"@id\":\"https:\\\/\\\/nextdestination.banyoles.cat\\\/es\\\/#organization\"},\"potentialAction\":[{\"@type\":\"SearchAction\",\"target\":{\"@type\":\"EntryPoint\",\"urlTemplate\":\"https:\\\/\\\/nextdestination.banyoles.cat\\\/es\\\/?s={search_term_string}\"},\"query-input\":{\"@type\":\"PropertyValueSpecification\",\"valueRequired\":true,\"valueName\":\"search_term_string\"}}],\"inLanguage\":\"es\"},{\"@type\":\"Organization\",\"@id\":\"https:\\\/\\\/nextdestination.banyoles.cat\\\/es\\\/#organization\",\"name\":\"Nextgeneration\",\"url\":\"https:\\\/\\\/nextdestination.banyoles.cat\\\/es\\\/\",\"logo\":{\"@type\":\"ImageObject\",\"inLanguage\":\"es\",\"@id\":\"https:\\\/\\\/nextdestination.banyoles.cat\\\/es\\\/#\\\/schema\\\/logo\\\/image\\\/\",\"url\":\"https:\\\/\\\/nextdestination.banyoles.cat\\\/wp-content\\\/uploads\\\/2024\\\/04\\\/Frame-11.png\",\"contentUrl\":\"https:\\\/\\\/nextdestination.banyoles.cat\\\/wp-content\\\/uploads\\\/2024\\\/04\\\/Frame-11.png\",\"width\":356,\"height\":142,\"caption\":\"Nextgeneration\"},\"image\":{\"@id\":\"https:\\\/\\\/nextdestination.banyoles.cat\\\/es\\\/#\\\/schema\\\/logo\\\/image\\\/\"}},{\"@type\":\"Person\",\"@id\":\"https:\\\/\\\/nextdestination.banyoles.cat\\\/es\\\/#\\\/schema\\\/person\\\/cd9310acb444b33ddd008463bd36e0f9\",\"name\":\"Lidia Anglada\",\"image\":{\"@type\":\"ImageObject\",\"inLanguage\":\"es\",\"@id\":\"https:\\\/\\\/secure.gravatar.com\\\/avatar\\\/2002a8c189e8bd9b31d58977f1d7704aea9b3048473fbc571dd9057080b51f88?s=96&d=mm&r=g\",\"url\":\"https:\\\/\\\/secure.gravatar.com\\\/avatar\\\/2002a8c189e8bd9b31d58977f1d7704aea9b3048473fbc571dd9057080b51f88?s=96&d=mm&r=g\",\"contentUrl\":\"https:\\\/\\\/secure.gravatar.com\\\/avatar\\\/2002a8c189e8bd9b31d58977f1d7704aea9b3048473fbc571dd9057080b51f88?s=96&d=mm&r=g\",\"caption\":\"Lidia Anglada\"},\"url\":\"https:\\\/\\\/nextdestination.banyoles.cat\\\/es\\\/author\\\/lidia\\\/\"}]}<\/script>\n<!-- \/ Yoast SEO plugin. -->","yoast_head_json":{"title":"Banyoles finaliza la rehabilitaci\u00f3n del Mirador del Estany - Banyoles \u00b7 Next Destination","description":"El Ayuntamiento de Banyoles ha finalizado la rehabilitaci\u00f3n del Mirador del Estany.","robots":{"index":"index","follow":"follow","max-snippet":"max-snippet:-1","max-image-preview":"max-image-preview:large","max-video-preview":"max-video-preview:-1"},"canonical":"https:\/\/nextdestination.banyoles.cat\/es\/banyoles-rehabilita-el-mirador-del-estany-en-banyoles\/","og_locale":"es_ES","og_type":"article","og_title":"Banyoles finaliza la rehabilitaci\u00f3n del Mirador del Estany - Banyoles \u00b7 Next Destination","og_description":"El Ayuntamiento de Banyoles ha finalizado la rehabilitaci\u00f3n del Mirador del Estany.","og_url":"https:\/\/nextdestination.banyoles.cat\/es\/banyoles-rehabilita-el-mirador-del-estany-en-banyoles\/","og_site_name":"Banyoles \u00b7 Next Destination","article_published_time":"2026-03-04T14:18:21+00:00","article_modified_time":"2026-03-04T14:38:49+00:00","og_image":[{"width":2560,"height":1920,"url":"https:\/\/nextdestination.banyoles.cat\/wp-content\/uploads\/2026\/03\/Mirador-Estany-Banyoles-projecte-Next-Generation_1-scaled.jpg","type":"image\/jpeg"}],"author":"Lidia Anglada","twitter_card":"summary_large_image","twitter_misc":{"Escrito por":"Lidia Anglada","Tiempo de lectura":"3 minutos"},"schema":{"@context":"https:\/\/schema.org","@graph":[{"@type":"Article","@id":"https:\/\/nextdestination.banyoles.cat\/es\/banyoles-rehabilita-el-mirador-del-estany-en-banyoles\/#article","isPartOf":{"@id":"https:\/\/nextdestination.banyoles.cat\/es\/banyoles-rehabilita-el-mirador-del-estany-en-banyoles\/"},"author":{"name":"Lidia Anglada","@id":"https:\/\/nextdestination.banyoles.cat\/es\/#\/schema\/person\/cd9310acb444b33ddd008463bd36e0f9"},"headline":"Banyoles finaliza la rehabilitaci\u00f3n del Mirador del Estany","datePublished":"2026-03-04T14:18:21+00:00","dateModified":"2026-03-04T14:38:49+00:00","mainEntityOfPage":{"@id":"https:\/\/nextdestination.banyoles.cat\/es\/banyoles-rehabilita-el-mirador-del-estany-en-banyoles\/"},"wordCount":389,"publisher":{"@id":"https:\/\/nextdestination.banyoles.cat\/es\/#organization"},"image":{"@id":"https:\/\/nextdestination.banyoles.cat\/es\/banyoles-rehabilita-el-mirador-del-estany-en-banyoles\/#primaryimage"},"thumbnailUrl":"https:\/\/nextdestination.banyoles.cat\/wp-content\/uploads\/2026\/03\/Mirador-Estany-Banyoles-projecte-Next-Generation_1-scaled.jpg","keywords":["AyuntamientoDeBanyoles","Banyoles","EstanydeBanyoles","lagoBanyoles","mirador","MiradorDelEstany","NextGeneration","PlanSostenibilidadTuristica"],"articleSection":["Sin categorizar"],"inLanguage":"es"},{"@type":"WebPage","@id":"https:\/\/nextdestination.banyoles.cat\/es\/banyoles-rehabilita-el-mirador-del-estany-en-banyoles\/","url":"https:\/\/nextdestination.banyoles.cat\/es\/banyoles-rehabilita-el-mirador-del-estany-en-banyoles\/","name":"Banyoles finaliza la rehabilitaci\u00f3n del Mirador del Estany - Banyoles \u00b7 Next Destination","isPartOf":{"@id":"https:\/\/nextdestination.banyoles.cat\/es\/#website"},"primaryImageOfPage":{"@id":"https:\/\/nextdestination.banyoles.cat\/es\/banyoles-rehabilita-el-mirador-del-estany-en-banyoles\/#primaryimage"},"image":{"@id":"https:\/\/nextdestination.banyoles.cat\/es\/banyoles-rehabilita-el-mirador-del-estany-en-banyoles\/#primaryimage"},"thumbnailUrl":"https:\/\/nextdestination.banyoles.cat\/wp-content\/uploads\/2026\/03\/Mirador-Estany-Banyoles-projecte-Next-Generation_1-scaled.jpg","datePublished":"2026-03-04T14:18:21+00:00","dateModified":"2026-03-04T14:38:49+00:00","description":"El Ayuntamiento de Banyoles ha finalizado la rehabilitaci\u00f3n del Mirador del Estany.","breadcrumb":{"@id":"https:\/\/nextdestination.banyoles.cat\/es\/banyoles-rehabilita-el-mirador-del-estany-en-banyoles\/#breadcrumb"},"inLanguage":"es","potentialAction":[{"@type":"ReadAction","target":["https:\/\/nextdestination.banyoles.cat\/es\/banyoles-rehabilita-el-mirador-del-estany-en-banyoles\/"]}]},{"@type":"ImageObject","inLanguage":"es","@id":"https:\/\/nextdestination.banyoles.cat\/es\/banyoles-rehabilita-el-mirador-del-estany-en-banyoles\/#primaryimage","url":"https:\/\/nextdestination.banyoles.cat\/wp-content\/uploads\/2026\/03\/Mirador-Estany-Banyoles-projecte-Next-Generation_1-scaled.jpg","contentUrl":"https:\/\/nextdestination.banyoles.cat\/wp-content\/uploads\/2026\/03\/Mirador-Estany-Banyoles-projecte-Next-Generation_1-scaled.jpg","width":2560,"height":1920,"caption":"fotografia de l'espai rehabilitat del Mirador de l'Estany de Banyoles"},{"@type":"BreadcrumbList","@id":"https:\/\/nextdestination.banyoles.cat\/es\/banyoles-rehabilita-el-mirador-del-estany-en-banyoles\/#breadcrumb","itemListElement":[{"@type":"ListItem","position":1,"name":"Portada","item":"https:\/\/nextdestination.banyoles.cat\/es\/nextgeneration\/"},{"@type":"ListItem","position":2,"name":"Banyoles finaliza la rehabilitaci\u00f3n del Mirador del Estany"}]},{"@type":"WebSite","@id":"https:\/\/nextdestination.banyoles.cat\/es\/#website","url":"https:\/\/nextdestination.banyoles.cat\/es\/","name":"Nextgeneration","description":"","publisher":{"@id":"https:\/\/nextdestination.banyoles.cat\/es\/#organization"},"potentialAction":[{"@type":"SearchAction","target":{"@type":"EntryPoint","urlTemplate":"https:\/\/nextdestination.banyoles.cat\/es\/?s={search_term_string}"},"query-input":{"@type":"PropertyValueSpecification","valueRequired":true,"valueName":"search_term_string"}}],"inLanguage":"es"},{"@type":"Organization","@id":"https:\/\/nextdestination.banyoles.cat\/es\/#organization","name":"Nextgeneration","url":"https:\/\/nextdestination.banyoles.cat\/es\/","logo":{"@type":"ImageObject","inLanguage":"es","@id":"https:\/\/nextdestination.banyoles.cat\/es\/#\/schema\/logo\/image\/","url":"https:\/\/nextdestination.banyoles.cat\/wp-content\/uploads\/2024\/04\/Frame-11.png","contentUrl":"https:\/\/nextdestination.banyoles.cat\/wp-content\/uploads\/2024\/04\/Frame-11.png","width":356,"height":142,"caption":"Nextgeneration"},"image":{"@id":"https:\/\/nextdestination.banyoles.cat\/es\/#\/schema\/logo\/image\/"}},{"@type":"Person","@id":"https:\/\/nextdestination.banyoles.cat\/es\/#\/schema\/person\/cd9310acb444b33ddd008463bd36e0f9","name":"Lidia Anglada","image":{"@type":"ImageObject","inLanguage":"es","@id":"https:\/\/secure.gravatar.com\/avatar\/2002a8c189e8bd9b31d58977f1d7704aea9b3048473fbc571dd9057080b51f88?s=96&d=mm&r=g","url":"https:\/\/secure.gravatar.com\/avatar\/2002a8c189e8bd9b31d58977f1d7704aea9b3048473fbc571dd9057080b51f88?s=96&d=mm&r=g","contentUrl":"https:\/\/secure.gravatar.com\/avatar\/2002a8c189e8bd9b31d58977f1d7704aea9b3048473fbc571dd9057080b51f88?s=96&d=mm&r=g","caption":"Lidia Anglada"},"url":"https:\/\/nextdestination.banyoles.cat\/es\/author\/lidia\/"}]}},"_links":{"self":[{"href":"https:\/\/nextdestination.banyoles.cat\/es\/wp-json\/wp\/v2\/posts\/1637","targetHints":{"allow":["GET"]}}],"collection":[{"href":"https:\/\/nextdestination.banyoles.cat\/es\/wp-json\/wp\/v2\/posts"}],"about":[{"href":"https:\/\/nextdestination.banyoles.cat\/es\/wp-json\/wp\/v2\/types\/post"}],"author":[{"embeddable":true,"href":"https:\/\/nextdestination.banyoles.cat\/es\/wp-json\/wp\/v2\/users\/2"}],"replies":[{"embeddable":true,"href":"https:\/\/nextdestination.banyoles.cat\/es\/wp-json\/wp\/v2\/comments?post=1637"}],"version-history":[{"count":3,"href":"https:\/\/nextdestination.banyoles.cat\/es\/wp-json\/wp\/v2\/posts\/1637\/revisions"}],"predecessor-version":[{"id":1641,"href":"https:\/\/nextdestination.banyoles.cat\/es\/wp-json\/wp\/v2\/posts\/1637\/revisions\/1641"}],"wp:featuredmedia":[{"embeddable":true,"href":"https:\/\/nextdestination.banyoles.cat\/es\/wp-json\/wp\/v2\/media\/1633"}],"wp:attachment":[{"href":"https:\/\/nextdestination.banyoles.cat\/es\/wp-json\/wp\/v2\/media?parent=1637"}],"wp:term":[{"taxonomy":"category","embeddable":true,"href":"https:\/\/nextdestination.banyoles.cat\/es\/wp-json\/wp\/v2\/categories?post=1637"},{"taxonomy":"post_tag","embeddable":true,"href":"https:\/\/nextdestination.banyoles.cat\/es\/wp-json\/wp\/v2\/tags?post=1637"}],"curies":[{"name":"wp","href":"https:\/\/api.w.org\/{rel}","templated":true}]}}