{"id":1623,"date":"2026-02-16T09:42:54","date_gmt":"2026-02-16T08:42:54","guid":{"rendered":"https:\/\/nextdestination.banyoles.cat\/?p=1623"},"modified":"2026-02-16T10:04:22","modified_gmt":"2026-02-16T09:04:22","slug":"reforma-y-mejora-pesquera-mata-estany-de-banyoles","status":"publish","type":"post","link":"https:\/\/nextdestination.banyoles.cat\/es\/reforma-y-mejora-pesquera-mata-estany-de-banyoles\/","title":{"rendered":"Banyoles reforma y mejora la seguridad de la Pesquera Mata"},"content":{"rendered":"<p><strong>\u2022 La actuaci\u00f3n se ha enmarcado en el Plan de Sostenibilidad Tur\u00edstica en Destino (PSTD), financiado en el marco de la Convocatoria Extraordinaria 2022 Plan de Recuperaci\u00f3n, Transformaci\u00f3n y Resiliencia, Financiado por la Uni\u00f3n Europea &#8211; Next Generation EU.<\/strong><\/p>\n<p>El Ajuntament de Banyoles ha finalizado la totalidad las obras de reforma de la Pesquera Mata, una de las pocas pesqueras que se ha mantenido con los elementos constructivos de origen, sin haber sufrido modificaciones significativas a lo largo de los a\u00f1os, de las que rodean el lago Estany de Banyoles. La actuaci\u00f3n se ha centrado en mejorar el estado de la construcci\u00f3n, as\u00ed como su seguridad y en la colocaci\u00f3n de una baliza para referenciarla una vez oscurece.<\/p>\n<p>En el marco de los proyectos Next Generation EU, Banyoles ha llevado a cabo la reforma de la Pesquera Mata, con el objetivo de arreglarla y mejorar su seguridad. Esta pesquera es la n\u00famero 20, se construy\u00f3 en 1910 y forma parte de las cinco que se correspond\u00edan al esquema, forma y medida en planta que se han considerado como pesqueras tradicionales.<\/p>\n<p><strong>Miquel Noguer<\/strong>, alcalde de Banyoles ha destacado que \u00abla reforma ha sido muy respetuosa con los elementos originales, y fruto de estas obras que se han llevado a cabo la Pesquera Mata se podr\u00e1 visitar en el marco de la ruta <em><a href=\"https:\/\/www.museusdebanyoles.cat\/VISITANS\/Museu-Arqueol%C3%B2gic-de-Banyoles\/Visites-per-a-grups\" target=\"_blank\" rel=\"noopener\">A trav\u00e9s de las Pesqueras<\/a><\/em> que organiza Museus de Banyoles\u00bb. Paralelamente, el \u00e1rea de Turismo del Ajuntament de Banyoles edit\u00f3 el cat\u00e1logo <em><a href=\"https:\/\/turisme.banyoles.cat\/es-es\/Qu%C3%A9-hacer\/Detall\/item\/539\" target=\"_blank\" rel=\"noopener\">Las pesqueras del Estany<\/a><\/em>, una recopilaci\u00f3n con informaci\u00f3n y caracter\u00edsticas de cada una de las pesqueras que se encuentran en el lago de Banyoles, un elemento \u00fanico que identifica la ciudad.<\/p>\n<p>Las obras han consistido en cortar y arrancar la ra\u00edz de un platanero que hab\u00eda provocado el levantamiento del pavimento, tanto del paso como de las baldosas interiores. Se han reparado con mortero los huecos que se provocaron, para pavimentar de nuevo con losas de \u00abpiedra de Banyoles\u00bb el paso de la entrada, y con baldosa en el interior y en el balc\u00f3n. La actuaci\u00f3n tambi\u00e9n ha contemplado la reparaci\u00f3n de la puerta principal, con una nueva plancha exterior, rehaciendo los barrotes de la barandilla del balc\u00f3n, extrayendo la escalera exterior, ya que se trataba de un elemento a\u00f1adido, y no permite el abatimiento de la barandilla.<\/p>\n<p>En paralelo, se ha a\u00f1adido una peque\u00f1a barandilla en el paso para garantizar la seguridad de los visitantes, junto con la puerta principal. Como elementos nuevos, tambi\u00e9n se ha formado un asiento al igual que el que hab\u00eda actualmente colocado sim\u00e9tricamente en el otro lado ya que hab\u00eda indicios de que hab\u00eda habido uno antiguamente. Por \u00faltimo, la \u00faltima actuaci\u00f3n que se ha llevado a cabo ha sido la instalaci\u00f3n de una baliza led que ilumina la pesquera de noche.<\/p>\n<p>El presupuesto de la reforma de la pesquera Mata fue de 28.236,90 euros.<\/p>\n<p>&nbsp;<\/p>\n<p><strong>Cambio de ubicaci\u00f3n de la escultura &#8216;Ni\u00f1a tocando el agua&#8217;<\/strong><\/p>\n<p>Enmarcada en esta actuaci\u00f3n tambi\u00e9n se ha llevado a cabo un cambio de ubicaci\u00f3n de la escultura &#8216;<a href=\"https:\/\/turisme.banyoles.cat\/es-es\/Qu%C3%A9-hacer\/Detall\/item\/616\" target=\"_blank\" rel=\"noopener\">Ni\u00f1a tocando el agua<\/a>&#8216;, del artista Marta Solsona. Tradicionalmente, esta escultura se encontraba junto a la pesquera de Lero, donde se ubica la Oficina de Turismo, dentro del Estany. Ahora, con la reubicaci\u00f3n, la pieza se encuentra en la orilla del Estany, frente a la misma Oficina de Turismo.<\/p>\n<p>&nbsp;<\/p>\n","protected":false},"excerpt":{"rendered":"<p>\u2022 La actuaci\u00f3n se ha enmarcado en el Plan de Sostenibilidad Tur\u00edstica en Destino (PSTD), financiado en el marco de la Convocatoria Extraordinaria 2022 Plan de Recuperaci\u00f3n, Transformaci\u00f3n y Resiliencia, Financiado por la Uni\u00f3n Europea &#8211; Next Generation EU. El Ajuntament de Banyoles ha finalizado la totalidad las obras de reforma de la Pesquera Mata,&#8230;<\/p>\n","protected":false},"author":2,"featured_media":1621,"comment_status":"closed","ping_status":"closed","sticky":false,"template":"","format":"standard","meta":{"footnotes":""},"categories":[1],"tags":[57,58,97,95,59,96,94,56],"class_list":["post-1623","post","type-post","status-publish","format-standard","has-post-thumbnail","hentry","category-sin-categorizar","tag-ayuntamientodebanyoles","tag-banyoles","tag-estanydebanyoles","tag-lagobanyoles","tag-nextgeneration","tag-pesqueramata","tag-pesqueras","tag-plansostenibilidadturistica"],"yoast_head":"<!-- This site is optimized with the Yoast SEO plugin v27.4 - https:\/\/yoast.com\/product\/yoast-seo-wordpress\/ -->\n<title>Banyoles reforma y mejora la seguridad de la Pesquera Mata - Banyoles \u00b7 Next Destination<\/title>\n<meta name=\"description\" content=\"El Ayuntamiento de Banyoles ha reformado la Pesquera Mata, en el lago Estany de Banyoles.\" \/>\n<meta name=\"robots\" content=\"index, follow, max-snippet:-1, max-image-preview:large, max-video-preview:-1\" \/>\n<link rel=\"canonical\" href=\"https:\/\/nextdestination.banyoles.cat\/es\/reforma-y-mejora-pesquera-mata-estany-de-banyoles\/\" \/>\n<meta property=\"og:locale\" content=\"es_ES\" \/>\n<meta property=\"og:type\" content=\"article\" \/>\n<meta property=\"og:title\" content=\"Banyoles reforma y mejora la seguridad de la Pesquera Mata - Banyoles \u00b7 Next Destination\" \/>\n<meta property=\"og:description\" content=\"El Ayuntamiento de Banyoles ha reformado la Pesquera Mata, en el lago Estany de Banyoles.\" \/>\n<meta property=\"og:url\" content=\"https:\/\/nextdestination.banyoles.cat\/es\/reforma-y-mejora-pesquera-mata-estany-de-banyoles\/\" \/>\n<meta property=\"og:site_name\" content=\"Banyoles \u00b7 Next Destination\" \/>\n<meta property=\"article:published_time\" content=\"2026-02-16T08:42:54+00:00\" \/>\n<meta property=\"article:modified_time\" content=\"2026-02-16T09:04:22+00:00\" \/>\n<meta property=\"og:image\" content=\"https:\/\/nextdestination.banyoles.cat\/wp-content\/uploads\/2026\/02\/Reforma-Pesquera-Mata_dia-scaled.jpg\" \/>\n\t<meta property=\"og:image:width\" content=\"2560\" \/>\n\t<meta property=\"og:image:height\" content=\"1920\" \/>\n\t<meta property=\"og:image:type\" content=\"image\/jpeg\" \/>\n<meta name=\"author\" content=\"Lidia Anglada\" \/>\n<meta name=\"twitter:card\" content=\"summary_large_image\" \/>\n<meta name=\"twitter:label1\" content=\"Escrito por\" \/>\n\t<meta name=\"twitter:data1\" content=\"Lidia Anglada\" \/>\n\t<meta name=\"twitter:label2\" content=\"Tiempo de lectura\" \/>\n\t<meta name=\"twitter:data2\" content=\"4 minutos\" \/>\n<script type=\"application\/ld+json\" class=\"yoast-schema-graph\">{\"@context\":\"https:\\\/\\\/schema.org\",\"@graph\":[{\"@type\":\"Article\",\"@id\":\"https:\\\/\\\/nextdestination.banyoles.cat\\\/es\\\/reforma-y-mejora-pesquera-mata-estany-de-banyoles\\\/#article\",\"isPartOf\":{\"@id\":\"https:\\\/\\\/nextdestination.banyoles.cat\\\/es\\\/reforma-y-mejora-pesquera-mata-estany-de-banyoles\\\/\"},\"author\":{\"name\":\"Lidia Anglada\",\"@id\":\"https:\\\/\\\/nextdestination.banyoles.cat\\\/es\\\/#\\\/schema\\\/person\\\/cd9310acb444b33ddd008463bd36e0f9\"},\"headline\":\"Banyoles reforma y mejora la seguridad de la Pesquera Mata\",\"datePublished\":\"2026-02-16T08:42:54+00:00\",\"dateModified\":\"2026-02-16T09:04:22+00:00\",\"mainEntityOfPage\":{\"@id\":\"https:\\\/\\\/nextdestination.banyoles.cat\\\/es\\\/reforma-y-mejora-pesquera-mata-estany-de-banyoles\\\/\"},\"wordCount\":597,\"publisher\":{\"@id\":\"https:\\\/\\\/nextdestination.banyoles.cat\\\/es\\\/#organization\"},\"image\":{\"@id\":\"https:\\\/\\\/nextdestination.banyoles.cat\\\/es\\\/reforma-y-mejora-pesquera-mata-estany-de-banyoles\\\/#primaryimage\"},\"thumbnailUrl\":\"https:\\\/\\\/nextdestination.banyoles.cat\\\/wp-content\\\/uploads\\\/2026\\\/02\\\/Reforma-Pesquera-Mata_dia-scaled.jpg\",\"keywords\":[\"AyuntamientoDeBanyoles\",\"Banyoles\",\"EstanydeBanyoles\",\"lagoBanyoles\",\"NextGeneration\",\"PesqueraMata\",\"pesqueras\",\"PlanSostenibilidadTuristica\"],\"articleSection\":[\"Sin categorizar\"],\"inLanguage\":\"es\"},{\"@type\":\"WebPage\",\"@id\":\"https:\\\/\\\/nextdestination.banyoles.cat\\\/es\\\/reforma-y-mejora-pesquera-mata-estany-de-banyoles\\\/\",\"url\":\"https:\\\/\\\/nextdestination.banyoles.cat\\\/es\\\/reforma-y-mejora-pesquera-mata-estany-de-banyoles\\\/\",\"name\":\"Banyoles reforma y mejora la seguridad de la Pesquera Mata - Banyoles \u00b7 Next Destination\",\"isPartOf\":{\"@id\":\"https:\\\/\\\/nextdestination.banyoles.cat\\\/es\\\/#website\"},\"primaryImageOfPage\":{\"@id\":\"https:\\\/\\\/nextdestination.banyoles.cat\\\/es\\\/reforma-y-mejora-pesquera-mata-estany-de-banyoles\\\/#primaryimage\"},\"image\":{\"@id\":\"https:\\\/\\\/nextdestination.banyoles.cat\\\/es\\\/reforma-y-mejora-pesquera-mata-estany-de-banyoles\\\/#primaryimage\"},\"thumbnailUrl\":\"https:\\\/\\\/nextdestination.banyoles.cat\\\/wp-content\\\/uploads\\\/2026\\\/02\\\/Reforma-Pesquera-Mata_dia-scaled.jpg\",\"datePublished\":\"2026-02-16T08:42:54+00:00\",\"dateModified\":\"2026-02-16T09:04:22+00:00\",\"description\":\"El Ayuntamiento de Banyoles ha reformado la Pesquera Mata, en el lago Estany de Banyoles.\",\"breadcrumb\":{\"@id\":\"https:\\\/\\\/nextdestination.banyoles.cat\\\/es\\\/reforma-y-mejora-pesquera-mata-estany-de-banyoles\\\/#breadcrumb\"},\"inLanguage\":\"es\",\"potentialAction\":[{\"@type\":\"ReadAction\",\"target\":[\"https:\\\/\\\/nextdestination.banyoles.cat\\\/es\\\/reforma-y-mejora-pesquera-mata-estany-de-banyoles\\\/\"]}]},{\"@type\":\"ImageObject\",\"inLanguage\":\"es\",\"@id\":\"https:\\\/\\\/nextdestination.banyoles.cat\\\/es\\\/reforma-y-mejora-pesquera-mata-estany-de-banyoles\\\/#primaryimage\",\"url\":\"https:\\\/\\\/nextdestination.banyoles.cat\\\/wp-content\\\/uploads\\\/2026\\\/02\\\/Reforma-Pesquera-Mata_dia-scaled.jpg\",\"contentUrl\":\"https:\\\/\\\/nextdestination.banyoles.cat\\\/wp-content\\\/uploads\\\/2026\\\/02\\\/Reforma-Pesquera-Mata_dia-scaled.jpg\",\"width\":2560,\"height\":1920,\"caption\":\"pesquera-Mata-estany-Banyoles\"},{\"@type\":\"BreadcrumbList\",\"@id\":\"https:\\\/\\\/nextdestination.banyoles.cat\\\/es\\\/reforma-y-mejora-pesquera-mata-estany-de-banyoles\\\/#breadcrumb\",\"itemListElement\":[{\"@type\":\"ListItem\",\"position\":1,\"name\":\"Portada\",\"item\":\"https:\\\/\\\/nextdestination.banyoles.cat\\\/es\\\/nextgeneration\\\/\"},{\"@type\":\"ListItem\",\"position\":2,\"name\":\"Banyoles reforma y mejora la seguridad de la Pesquera Mata\"}]},{\"@type\":\"WebSite\",\"@id\":\"https:\\\/\\\/nextdestination.banyoles.cat\\\/es\\\/#website\",\"url\":\"https:\\\/\\\/nextdestination.banyoles.cat\\\/es\\\/\",\"name\":\"Nextgeneration\",\"description\":\"\",\"publisher\":{\"@id\":\"https:\\\/\\\/nextdestination.banyoles.cat\\\/es\\\/#organization\"},\"potentialAction\":[{\"@type\":\"SearchAction\",\"target\":{\"@type\":\"EntryPoint\",\"urlTemplate\":\"https:\\\/\\\/nextdestination.banyoles.cat\\\/es\\\/?s={search_term_string}\"},\"query-input\":{\"@type\":\"PropertyValueSpecification\",\"valueRequired\":true,\"valueName\":\"search_term_string\"}}],\"inLanguage\":\"es\"},{\"@type\":\"Organization\",\"@id\":\"https:\\\/\\\/nextdestination.banyoles.cat\\\/es\\\/#organization\",\"name\":\"Nextgeneration\",\"url\":\"https:\\\/\\\/nextdestination.banyoles.cat\\\/es\\\/\",\"logo\":{\"@type\":\"ImageObject\",\"inLanguage\":\"es\",\"@id\":\"https:\\\/\\\/nextdestination.banyoles.cat\\\/es\\\/#\\\/schema\\\/logo\\\/image\\\/\",\"url\":\"https:\\\/\\\/nextdestination.banyoles.cat\\\/wp-content\\\/uploads\\\/2024\\\/04\\\/Frame-11.png\",\"contentUrl\":\"https:\\\/\\\/nextdestination.banyoles.cat\\\/wp-content\\\/uploads\\\/2024\\\/04\\\/Frame-11.png\",\"width\":356,\"height\":142,\"caption\":\"Nextgeneration\"},\"image\":{\"@id\":\"https:\\\/\\\/nextdestination.banyoles.cat\\\/es\\\/#\\\/schema\\\/logo\\\/image\\\/\"}},{\"@type\":\"Person\",\"@id\":\"https:\\\/\\\/nextdestination.banyoles.cat\\\/es\\\/#\\\/schema\\\/person\\\/cd9310acb444b33ddd008463bd36e0f9\",\"name\":\"Lidia Anglada\",\"image\":{\"@type\":\"ImageObject\",\"inLanguage\":\"es\",\"@id\":\"https:\\\/\\\/secure.gravatar.com\\\/avatar\\\/2002a8c189e8bd9b31d58977f1d7704aea9b3048473fbc571dd9057080b51f88?s=96&d=mm&r=g\",\"url\":\"https:\\\/\\\/secure.gravatar.com\\\/avatar\\\/2002a8c189e8bd9b31d58977f1d7704aea9b3048473fbc571dd9057080b51f88?s=96&d=mm&r=g\",\"contentUrl\":\"https:\\\/\\\/secure.gravatar.com\\\/avatar\\\/2002a8c189e8bd9b31d58977f1d7704aea9b3048473fbc571dd9057080b51f88?s=96&d=mm&r=g\",\"caption\":\"Lidia Anglada\"},\"url\":\"https:\\\/\\\/nextdestination.banyoles.cat\\\/es\\\/author\\\/lidia\\\/\"}]}<\/script>\n<!-- \/ Yoast SEO plugin. -->","yoast_head_json":{"title":"Banyoles reforma y mejora la seguridad de la Pesquera Mata - Banyoles \u00b7 Next Destination","description":"El Ayuntamiento de Banyoles ha reformado la Pesquera Mata, en el lago Estany de Banyoles.","robots":{"index":"index","follow":"follow","max-snippet":"max-snippet:-1","max-image-preview":"max-image-preview:large","max-video-preview":"max-video-preview:-1"},"canonical":"https:\/\/nextdestination.banyoles.cat\/es\/reforma-y-mejora-pesquera-mata-estany-de-banyoles\/","og_locale":"es_ES","og_type":"article","og_title":"Banyoles reforma y mejora la seguridad de la Pesquera Mata - Banyoles \u00b7 Next Destination","og_description":"El Ayuntamiento de Banyoles ha reformado la Pesquera Mata, en el lago Estany de Banyoles.","og_url":"https:\/\/nextdestination.banyoles.cat\/es\/reforma-y-mejora-pesquera-mata-estany-de-banyoles\/","og_site_name":"Banyoles \u00b7 Next Destination","article_published_time":"2026-02-16T08:42:54+00:00","article_modified_time":"2026-02-16T09:04:22+00:00","og_image":[{"width":2560,"height":1920,"url":"https:\/\/nextdestination.banyoles.cat\/wp-content\/uploads\/2026\/02\/Reforma-Pesquera-Mata_dia-scaled.jpg","type":"image\/jpeg"}],"author":"Lidia Anglada","twitter_card":"summary_large_image","twitter_misc":{"Escrito por":"Lidia Anglada","Tiempo de lectura":"4 minutos"},"schema":{"@context":"https:\/\/schema.org","@graph":[{"@type":"Article","@id":"https:\/\/nextdestination.banyoles.cat\/es\/reforma-y-mejora-pesquera-mata-estany-de-banyoles\/#article","isPartOf":{"@id":"https:\/\/nextdestination.banyoles.cat\/es\/reforma-y-mejora-pesquera-mata-estany-de-banyoles\/"},"author":{"name":"Lidia Anglada","@id":"https:\/\/nextdestination.banyoles.cat\/es\/#\/schema\/person\/cd9310acb444b33ddd008463bd36e0f9"},"headline":"Banyoles reforma y mejora la seguridad de la Pesquera Mata","datePublished":"2026-02-16T08:42:54+00:00","dateModified":"2026-02-16T09:04:22+00:00","mainEntityOfPage":{"@id":"https:\/\/nextdestination.banyoles.cat\/es\/reforma-y-mejora-pesquera-mata-estany-de-banyoles\/"},"wordCount":597,"publisher":{"@id":"https:\/\/nextdestination.banyoles.cat\/es\/#organization"},"image":{"@id":"https:\/\/nextdestination.banyoles.cat\/es\/reforma-y-mejora-pesquera-mata-estany-de-banyoles\/#primaryimage"},"thumbnailUrl":"https:\/\/nextdestination.banyoles.cat\/wp-content\/uploads\/2026\/02\/Reforma-Pesquera-Mata_dia-scaled.jpg","keywords":["AyuntamientoDeBanyoles","Banyoles","EstanydeBanyoles","lagoBanyoles","NextGeneration","PesqueraMata","pesqueras","PlanSostenibilidadTuristica"],"articleSection":["Sin categorizar"],"inLanguage":"es"},{"@type":"WebPage","@id":"https:\/\/nextdestination.banyoles.cat\/es\/reforma-y-mejora-pesquera-mata-estany-de-banyoles\/","url":"https:\/\/nextdestination.banyoles.cat\/es\/reforma-y-mejora-pesquera-mata-estany-de-banyoles\/","name":"Banyoles reforma y mejora la seguridad de la Pesquera Mata - Banyoles \u00b7 Next Destination","isPartOf":{"@id":"https:\/\/nextdestination.banyoles.cat\/es\/#website"},"primaryImageOfPage":{"@id":"https:\/\/nextdestination.banyoles.cat\/es\/reforma-y-mejora-pesquera-mata-estany-de-banyoles\/#primaryimage"},"image":{"@id":"https:\/\/nextdestination.banyoles.cat\/es\/reforma-y-mejora-pesquera-mata-estany-de-banyoles\/#primaryimage"},"thumbnailUrl":"https:\/\/nextdestination.banyoles.cat\/wp-content\/uploads\/2026\/02\/Reforma-Pesquera-Mata_dia-scaled.jpg","datePublished":"2026-02-16T08:42:54+00:00","dateModified":"2026-02-16T09:04:22+00:00","description":"El Ayuntamiento de Banyoles ha reformado la Pesquera Mata, en el lago Estany de Banyoles.","breadcrumb":{"@id":"https:\/\/nextdestination.banyoles.cat\/es\/reforma-y-mejora-pesquera-mata-estany-de-banyoles\/#breadcrumb"},"inLanguage":"es","potentialAction":[{"@type":"ReadAction","target":["https:\/\/nextdestination.banyoles.cat\/es\/reforma-y-mejora-pesquera-mata-estany-de-banyoles\/"]}]},{"@type":"ImageObject","inLanguage":"es","@id":"https:\/\/nextdestination.banyoles.cat\/es\/reforma-y-mejora-pesquera-mata-estany-de-banyoles\/#primaryimage","url":"https:\/\/nextdestination.banyoles.cat\/wp-content\/uploads\/2026\/02\/Reforma-Pesquera-Mata_dia-scaled.jpg","contentUrl":"https:\/\/nextdestination.banyoles.cat\/wp-content\/uploads\/2026\/02\/Reforma-Pesquera-Mata_dia-scaled.jpg","width":2560,"height":1920,"caption":"pesquera-Mata-estany-Banyoles"},{"@type":"BreadcrumbList","@id":"https:\/\/nextdestination.banyoles.cat\/es\/reforma-y-mejora-pesquera-mata-estany-de-banyoles\/#breadcrumb","itemListElement":[{"@type":"ListItem","position":1,"name":"Portada","item":"https:\/\/nextdestination.banyoles.cat\/es\/nextgeneration\/"},{"@type":"ListItem","position":2,"name":"Banyoles reforma y mejora la seguridad de la Pesquera Mata"}]},{"@type":"WebSite","@id":"https:\/\/nextdestination.banyoles.cat\/es\/#website","url":"https:\/\/nextdestination.banyoles.cat\/es\/","name":"Nextgeneration","description":"","publisher":{"@id":"https:\/\/nextdestination.banyoles.cat\/es\/#organization"},"potentialAction":[{"@type":"SearchAction","target":{"@type":"EntryPoint","urlTemplate":"https:\/\/nextdestination.banyoles.cat\/es\/?s={search_term_string}"},"query-input":{"@type":"PropertyValueSpecification","valueRequired":true,"valueName":"search_term_string"}}],"inLanguage":"es"},{"@type":"Organization","@id":"https:\/\/nextdestination.banyoles.cat\/es\/#organization","name":"Nextgeneration","url":"https:\/\/nextdestination.banyoles.cat\/es\/","logo":{"@type":"ImageObject","inLanguage":"es","@id":"https:\/\/nextdestination.banyoles.cat\/es\/#\/schema\/logo\/image\/","url":"https:\/\/nextdestination.banyoles.cat\/wp-content\/uploads\/2024\/04\/Frame-11.png","contentUrl":"https:\/\/nextdestination.banyoles.cat\/wp-content\/uploads\/2024\/04\/Frame-11.png","width":356,"height":142,"caption":"Nextgeneration"},"image":{"@id":"https:\/\/nextdestination.banyoles.cat\/es\/#\/schema\/logo\/image\/"}},{"@type":"Person","@id":"https:\/\/nextdestination.banyoles.cat\/es\/#\/schema\/person\/cd9310acb444b33ddd008463bd36e0f9","name":"Lidia Anglada","image":{"@type":"ImageObject","inLanguage":"es","@id":"https:\/\/secure.gravatar.com\/avatar\/2002a8c189e8bd9b31d58977f1d7704aea9b3048473fbc571dd9057080b51f88?s=96&d=mm&r=g","url":"https:\/\/secure.gravatar.com\/avatar\/2002a8c189e8bd9b31d58977f1d7704aea9b3048473fbc571dd9057080b51f88?s=96&d=mm&r=g","contentUrl":"https:\/\/secure.gravatar.com\/avatar\/2002a8c189e8bd9b31d58977f1d7704aea9b3048473fbc571dd9057080b51f88?s=96&d=mm&r=g","caption":"Lidia Anglada"},"url":"https:\/\/nextdestination.banyoles.cat\/es\/author\/lidia\/"}]}},"_links":{"self":[{"href":"https:\/\/nextdestination.banyoles.cat\/es\/wp-json\/wp\/v2\/posts\/1623","targetHints":{"allow":["GET"]}}],"collection":[{"href":"https:\/\/nextdestination.banyoles.cat\/es\/wp-json\/wp\/v2\/posts"}],"about":[{"href":"https:\/\/nextdestination.banyoles.cat\/es\/wp-json\/wp\/v2\/types\/post"}],"author":[{"embeddable":true,"href":"https:\/\/nextdestination.banyoles.cat\/es\/wp-json\/wp\/v2\/users\/2"}],"replies":[{"embeddable":true,"href":"https:\/\/nextdestination.banyoles.cat\/es\/wp-json\/wp\/v2\/comments?post=1623"}],"version-history":[{"count":5,"href":"https:\/\/nextdestination.banyoles.cat\/es\/wp-json\/wp\/v2\/posts\/1623\/revisions"}],"predecessor-version":[{"id":1629,"href":"https:\/\/nextdestination.banyoles.cat\/es\/wp-json\/wp\/v2\/posts\/1623\/revisions\/1629"}],"wp:featuredmedia":[{"embeddable":true,"href":"https:\/\/nextdestination.banyoles.cat\/es\/wp-json\/wp\/v2\/media\/1621"}],"wp:attachment":[{"href":"https:\/\/nextdestination.banyoles.cat\/es\/wp-json\/wp\/v2\/media?parent=1623"}],"wp:term":[{"taxonomy":"category","embeddable":true,"href":"https:\/\/nextdestination.banyoles.cat\/es\/wp-json\/wp\/v2\/categories?post=1623"},{"taxonomy":"post_tag","embeddable":true,"href":"https:\/\/nextdestination.banyoles.cat\/es\/wp-json\/wp\/v2\/tags?post=1623"}],"curies":[{"name":"wp","href":"https:\/\/api.w.org\/{rel}","templated":true}]}}