{"id":1570,"date":"2025-12-24T11:15:38","date_gmt":"2025-12-24T10:15:38","guid":{"rendered":"https:\/\/nextdestination.banyoles.cat\/?p=1570"},"modified":"2026-01-05T11:13:52","modified_gmt":"2026-01-05T10:13:52","slug":"el-ayuntamiento-de-banyoles-ha-terminado-la-remodelacion-y-mejora-del-mirador-joan-de-palau","status":"publish","type":"post","link":"https:\/\/nextdestination.banyoles.cat\/es\/el-ayuntamiento-de-banyoles-ha-terminado-la-remodelacion-y-mejora-del-mirador-joan-de-palau\/","title":{"rendered":"Nueva iluminaci\u00f3n y mejoras en el Mirador Joan de Palau de Banyoles."},"content":{"rendered":"<p><strong>\u2022 Este mes de diciembre han finalizado las obras de mantenimiento y mejora de las escaleras de acceso del Mirador Joan de Palau, financiado en el marco de la Convocatoria Extraordinaria 2022 Plan de Recuperaci\u00f3n, Transformaci\u00f3n y Resiliencia, Financiado por la Uni\u00f3n Europea &#8211; Next Generation EU.<\/strong><\/p>\n<p>El Ayuntamiento de Banyoles ha terminado las obras de remodelaci\u00f3n y mejora del Mirador Joan de Palau y de las escaleras de acceso al mismo. La actuaci\u00f3n, incluida en el Plan de Sostenibilidad Tur\u00edstica en Destino Banyoles &#8211; <em>Ciutat de l&#8217;Aigua<\/em>, financiada con fondos Next Generation.<\/p>\n<p>Entre las actuaciones m\u00e1s visibles que se han hecho en el Mirador Joan de Palau se encuentra la nueva iluminaci\u00f3n instalada en el pasamano de las escaleras que suben hasta el Puig d&#8217;en Colomer, as\u00ed como la mejora de la conexi\u00f3n peatonal al mirador, y la mejora de la continuidad de las escaleras con un paso elevado en la calle Circumval\u00b7laci\u00f3. Aunque es una actuaci\u00f3n peque\u00f1a, se pone en valor este espacio de la ciudad, tanto para la ciudadan\u00eda, como para los visitantes, ya que se ha dado valor a este espacio como nuevo punto de inter\u00e9s tur\u00edstico.<\/p>\n<p>Tambi\u00e9n se ha mejorado la se\u00f1al\u00e9tica con la instalaci\u00f3n de 3 paneles informativos situados en el paseo Moss\u00e8n Constans, en la calle Circumval\u00b7laci\u00f3 y en el mismo mirador Joan de Palau.<\/p>\n<p>Las obras, que han tenido un plazo de ejecuci\u00f3n de 6 meses, han contado con un presupuesto de 91.988,40 euros y han corrido a cargo de la empresa Serveis Constructius Mieres.<\/p>\n<p><strong>El Mirador de Sant Martiri\u00e0 encara la recta final<\/strong><\/p>\n<p>En paralelo, desde octubre, se est\u00e1 llevando a cabo el proyecto de remodelaci\u00f3n y redistribuci\u00f3n del Mirador de Sant Martiri\u00e0. Las obras, que presentan un estado muy avanzado, han permitido rehabilitar el mirador existente, mejorar el espacio previo con m\u00e1s vegetaci\u00f3n y cambiar de sitio el aparcamiento, que estar\u00e1 colocado al otro lado del camino que da acceso al Puig de Sant Martiri\u00e0. De esta forma los usos de cada espacio quedan separados m\u00e1s claramente.<\/p>\n<p>Los trabajos corren a cargo de la empresa Salvador Serra por un importe de 72.355,65 euros. Seg\u00fan explic\u00f3 el propio alcalde, est\u00e1 previsto que esta actuaci\u00f3n finalice durante el mes de enero, cumpliendo as\u00ed los plazos previstos en el inicio de las obras.<\/p>\n","protected":false},"excerpt":{"rendered":"<p>\u2022 Este mes de diciembre han finalizado las obras de mantenimiento y mejora de las escaleras de acceso del Mirador Joan de Palau, financiado en el marco de la Convocatoria Extraordinaria 2022 Plan de Recuperaci\u00f3n, Transformaci\u00f3n y Resiliencia, Financiado por la Uni\u00f3n Europea &#8211; Next Generation EU. El Ayuntamiento de Banyoles ha terminado las obras&#8230;<\/p>\n","protected":false},"author":2,"featured_media":1563,"comment_status":"closed","ping_status":"closed","sticky":false,"template":"","format":"standard","meta":{"footnotes":""},"categories":[1],"tags":[57,58,60,62,61,59,56],"class_list":["post-1570","post","type-post","status-publish","format-standard","has-post-thumbnail","hentry","category-sin-categorizar","tag-ayuntamientodebanyoles","tag-banyoles","tag-mirador","tag-miradorbanyoles","tag-miradorjoandepalau","tag-nextgeneration","tag-plansostenibilidadturistica"],"yoast_head":"<!-- This site is optimized with the Yoast SEO plugin v27.4 - https:\/\/yoast.com\/product\/yoast-seo-wordpress\/ -->\n<title>Nueva iluminaci\u00f3n y mejoras en el Mirador Joan de Palau de Banyoles. - Banyoles \u00b7 Next Destination<\/title>\n<meta name=\"description\" content=\"El Ayuntamiento de Banyoles ha terminado las obras de remodelaci\u00f3n, iluminaci\u00f3n y mejora del Mirador Joan de Palau\" \/>\n<meta name=\"robots\" content=\"index, follow, max-snippet:-1, max-image-preview:large, max-video-preview:-1\" \/>\n<link rel=\"canonical\" href=\"https:\/\/nextdestination.banyoles.cat\/es\/el-ayuntamiento-de-banyoles-ha-terminado-la-remodelacion-y-mejora-del-mirador-joan-de-palau\/\" \/>\n<meta property=\"og:locale\" content=\"es_ES\" \/>\n<meta property=\"og:type\" content=\"article\" \/>\n<meta property=\"og:title\" content=\"Nueva iluminaci\u00f3n y mejoras en el Mirador Joan de Palau de Banyoles. - Banyoles \u00b7 Next Destination\" \/>\n<meta property=\"og:description\" content=\"El Ayuntamiento de Banyoles ha terminado las obras de remodelaci\u00f3n, iluminaci\u00f3n y mejora del Mirador Joan de Palau\" \/>\n<meta property=\"og:url\" content=\"https:\/\/nextdestination.banyoles.cat\/es\/el-ayuntamiento-de-banyoles-ha-terminado-la-remodelacion-y-mejora-del-mirador-joan-de-palau\/\" \/>\n<meta property=\"og:site_name\" content=\"Banyoles \u00b7 Next Destination\" \/>\n<meta property=\"article:published_time\" content=\"2025-12-24T10:15:38+00:00\" \/>\n<meta property=\"article:modified_time\" content=\"2026-01-05T10:13:52+00:00\" \/>\n<meta property=\"og:image\" content=\"https:\/\/nextdestination.banyoles.cat\/wp-content\/uploads\/2025\/12\/Mirador-Joan-de-Palau_millores_2-scaled.jpg\" \/>\n\t<meta property=\"og:image:width\" content=\"2560\" \/>\n\t<meta property=\"og:image:height\" content=\"1920\" \/>\n\t<meta property=\"og:image:type\" content=\"image\/jpeg\" \/>\n<meta name=\"author\" content=\"Lidia Anglada\" \/>\n<meta name=\"twitter:card\" content=\"summary_large_image\" \/>\n<meta name=\"twitter:label1\" content=\"Escrito por\" \/>\n\t<meta name=\"twitter:data1\" content=\"Lidia Anglada\" \/>\n\t<meta name=\"twitter:label2\" content=\"Tiempo de lectura\" \/>\n\t<meta name=\"twitter:data2\" content=\"3 minutos\" \/>\n<script type=\"application\/ld+json\" class=\"yoast-schema-graph\">{\"@context\":\"https:\\\/\\\/schema.org\",\"@graph\":[{\"@type\":\"Article\",\"@id\":\"https:\\\/\\\/nextdestination.banyoles.cat\\\/es\\\/el-ayuntamiento-de-banyoles-ha-terminado-la-remodelacion-y-mejora-del-mirador-joan-de-palau\\\/#article\",\"isPartOf\":{\"@id\":\"https:\\\/\\\/nextdestination.banyoles.cat\\\/es\\\/el-ayuntamiento-de-banyoles-ha-terminado-la-remodelacion-y-mejora-del-mirador-joan-de-palau\\\/\"},\"author\":{\"name\":\"Lidia Anglada\",\"@id\":\"https:\\\/\\\/nextdestination.banyoles.cat\\\/es\\\/#\\\/schema\\\/person\\\/cd9310acb444b33ddd008463bd36e0f9\"},\"headline\":\"Nueva iluminaci\u00f3n y mejoras en el Mirador Joan de Palau de Banyoles.\",\"datePublished\":\"2025-12-24T10:15:38+00:00\",\"dateModified\":\"2026-01-05T10:13:52+00:00\",\"mainEntityOfPage\":{\"@id\":\"https:\\\/\\\/nextdestination.banyoles.cat\\\/es\\\/el-ayuntamiento-de-banyoles-ha-terminado-la-remodelacion-y-mejora-del-mirador-joan-de-palau\\\/\"},\"wordCount\":418,\"publisher\":{\"@id\":\"https:\\\/\\\/nextdestination.banyoles.cat\\\/es\\\/#organization\"},\"image\":{\"@id\":\"https:\\\/\\\/nextdestination.banyoles.cat\\\/es\\\/el-ayuntamiento-de-banyoles-ha-terminado-la-remodelacion-y-mejora-del-mirador-joan-de-palau\\\/#primaryimage\"},\"thumbnailUrl\":\"https:\\\/\\\/nextdestination.banyoles.cat\\\/wp-content\\\/uploads\\\/2025\\\/12\\\/Mirador-Joan-de-Palau_millores_2-scaled.jpg\",\"keywords\":[\"AyuntamientoDeBanyoles\",\"Banyoles\",\"mirador\",\"MiradorBanyoles\",\"MiradorJoanDePalau\",\"NextGeneration\",\"PlanSostenibilidadTuristica\"],\"articleSection\":[\"Sin categorizar\"],\"inLanguage\":\"es\"},{\"@type\":\"WebPage\",\"@id\":\"https:\\\/\\\/nextdestination.banyoles.cat\\\/es\\\/el-ayuntamiento-de-banyoles-ha-terminado-la-remodelacion-y-mejora-del-mirador-joan-de-palau\\\/\",\"url\":\"https:\\\/\\\/nextdestination.banyoles.cat\\\/es\\\/el-ayuntamiento-de-banyoles-ha-terminado-la-remodelacion-y-mejora-del-mirador-joan-de-palau\\\/\",\"name\":\"Nueva iluminaci\u00f3n y mejoras en el Mirador Joan de Palau de Banyoles. - Banyoles \u00b7 Next Destination\",\"isPartOf\":{\"@id\":\"https:\\\/\\\/nextdestination.banyoles.cat\\\/es\\\/#website\"},\"primaryImageOfPage\":{\"@id\":\"https:\\\/\\\/nextdestination.banyoles.cat\\\/es\\\/el-ayuntamiento-de-banyoles-ha-terminado-la-remodelacion-y-mejora-del-mirador-joan-de-palau\\\/#primaryimage\"},\"image\":{\"@id\":\"https:\\\/\\\/nextdestination.banyoles.cat\\\/es\\\/el-ayuntamiento-de-banyoles-ha-terminado-la-remodelacion-y-mejora-del-mirador-joan-de-palau\\\/#primaryimage\"},\"thumbnailUrl\":\"https:\\\/\\\/nextdestination.banyoles.cat\\\/wp-content\\\/uploads\\\/2025\\\/12\\\/Mirador-Joan-de-Palau_millores_2-scaled.jpg\",\"datePublished\":\"2025-12-24T10:15:38+00:00\",\"dateModified\":\"2026-01-05T10:13:52+00:00\",\"description\":\"El Ayuntamiento de Banyoles ha terminado las obras de remodelaci\u00f3n, iluminaci\u00f3n y mejora del Mirador Joan de Palau\",\"breadcrumb\":{\"@id\":\"https:\\\/\\\/nextdestination.banyoles.cat\\\/es\\\/el-ayuntamiento-de-banyoles-ha-terminado-la-remodelacion-y-mejora-del-mirador-joan-de-palau\\\/#breadcrumb\"},\"inLanguage\":\"es\",\"potentialAction\":[{\"@type\":\"ReadAction\",\"target\":[\"https:\\\/\\\/nextdestination.banyoles.cat\\\/es\\\/el-ayuntamiento-de-banyoles-ha-terminado-la-remodelacion-y-mejora-del-mirador-joan-de-palau\\\/\"]}]},{\"@type\":\"ImageObject\",\"inLanguage\":\"es\",\"@id\":\"https:\\\/\\\/nextdestination.banyoles.cat\\\/es\\\/el-ayuntamiento-de-banyoles-ha-terminado-la-remodelacion-y-mejora-del-mirador-joan-de-palau\\\/#primaryimage\",\"url\":\"https:\\\/\\\/nextdestination.banyoles.cat\\\/wp-content\\\/uploads\\\/2025\\\/12\\\/Mirador-Joan-de-Palau_millores_2-scaled.jpg\",\"contentUrl\":\"https:\\\/\\\/nextdestination.banyoles.cat\\\/wp-content\\\/uploads\\\/2025\\\/12\\\/Mirador-Joan-de-Palau_millores_2-scaled.jpg\",\"width\":2560,\"height\":1920},{\"@type\":\"BreadcrumbList\",\"@id\":\"https:\\\/\\\/nextdestination.banyoles.cat\\\/es\\\/el-ayuntamiento-de-banyoles-ha-terminado-la-remodelacion-y-mejora-del-mirador-joan-de-palau\\\/#breadcrumb\",\"itemListElement\":[{\"@type\":\"ListItem\",\"position\":1,\"name\":\"Portada\",\"item\":\"https:\\\/\\\/nextdestination.banyoles.cat\\\/es\\\/nextgeneration\\\/\"},{\"@type\":\"ListItem\",\"position\":2,\"name\":\"Nueva iluminaci\u00f3n y mejoras en el Mirador Joan de Palau de Banyoles.\"}]},{\"@type\":\"WebSite\",\"@id\":\"https:\\\/\\\/nextdestination.banyoles.cat\\\/es\\\/#website\",\"url\":\"https:\\\/\\\/nextdestination.banyoles.cat\\\/es\\\/\",\"name\":\"Nextgeneration\",\"description\":\"\",\"publisher\":{\"@id\":\"https:\\\/\\\/nextdestination.banyoles.cat\\\/es\\\/#organization\"},\"potentialAction\":[{\"@type\":\"SearchAction\",\"target\":{\"@type\":\"EntryPoint\",\"urlTemplate\":\"https:\\\/\\\/nextdestination.banyoles.cat\\\/es\\\/?s={search_term_string}\"},\"query-input\":{\"@type\":\"PropertyValueSpecification\",\"valueRequired\":true,\"valueName\":\"search_term_string\"}}],\"inLanguage\":\"es\"},{\"@type\":\"Organization\",\"@id\":\"https:\\\/\\\/nextdestination.banyoles.cat\\\/es\\\/#organization\",\"name\":\"Nextgeneration\",\"url\":\"https:\\\/\\\/nextdestination.banyoles.cat\\\/es\\\/\",\"logo\":{\"@type\":\"ImageObject\",\"inLanguage\":\"es\",\"@id\":\"https:\\\/\\\/nextdestination.banyoles.cat\\\/es\\\/#\\\/schema\\\/logo\\\/image\\\/\",\"url\":\"https:\\\/\\\/nextdestination.banyoles.cat\\\/wp-content\\\/uploads\\\/2024\\\/04\\\/Frame-11.png\",\"contentUrl\":\"https:\\\/\\\/nextdestination.banyoles.cat\\\/wp-content\\\/uploads\\\/2024\\\/04\\\/Frame-11.png\",\"width\":356,\"height\":142,\"caption\":\"Nextgeneration\"},\"image\":{\"@id\":\"https:\\\/\\\/nextdestination.banyoles.cat\\\/es\\\/#\\\/schema\\\/logo\\\/image\\\/\"}},{\"@type\":\"Person\",\"@id\":\"https:\\\/\\\/nextdestination.banyoles.cat\\\/es\\\/#\\\/schema\\\/person\\\/cd9310acb444b33ddd008463bd36e0f9\",\"name\":\"Lidia Anglada\",\"image\":{\"@type\":\"ImageObject\",\"inLanguage\":\"es\",\"@id\":\"https:\\\/\\\/secure.gravatar.com\\\/avatar\\\/2002a8c189e8bd9b31d58977f1d7704aea9b3048473fbc571dd9057080b51f88?s=96&d=mm&r=g\",\"url\":\"https:\\\/\\\/secure.gravatar.com\\\/avatar\\\/2002a8c189e8bd9b31d58977f1d7704aea9b3048473fbc571dd9057080b51f88?s=96&d=mm&r=g\",\"contentUrl\":\"https:\\\/\\\/secure.gravatar.com\\\/avatar\\\/2002a8c189e8bd9b31d58977f1d7704aea9b3048473fbc571dd9057080b51f88?s=96&d=mm&r=g\",\"caption\":\"Lidia Anglada\"},\"url\":\"https:\\\/\\\/nextdestination.banyoles.cat\\\/es\\\/author\\\/lidia\\\/\"}]}<\/script>\n<!-- \/ Yoast SEO plugin. -->","yoast_head_json":{"title":"Nueva iluminaci\u00f3n y mejoras en el Mirador Joan de Palau de Banyoles. - Banyoles \u00b7 Next Destination","description":"El Ayuntamiento de Banyoles ha terminado las obras de remodelaci\u00f3n, iluminaci\u00f3n y mejora del Mirador Joan de Palau","robots":{"index":"index","follow":"follow","max-snippet":"max-snippet:-1","max-image-preview":"max-image-preview:large","max-video-preview":"max-video-preview:-1"},"canonical":"https:\/\/nextdestination.banyoles.cat\/es\/el-ayuntamiento-de-banyoles-ha-terminado-la-remodelacion-y-mejora-del-mirador-joan-de-palau\/","og_locale":"es_ES","og_type":"article","og_title":"Nueva iluminaci\u00f3n y mejoras en el Mirador Joan de Palau de Banyoles. - Banyoles \u00b7 Next Destination","og_description":"El Ayuntamiento de Banyoles ha terminado las obras de remodelaci\u00f3n, iluminaci\u00f3n y mejora del Mirador Joan de Palau","og_url":"https:\/\/nextdestination.banyoles.cat\/es\/el-ayuntamiento-de-banyoles-ha-terminado-la-remodelacion-y-mejora-del-mirador-joan-de-palau\/","og_site_name":"Banyoles \u00b7 Next Destination","article_published_time":"2025-12-24T10:15:38+00:00","article_modified_time":"2026-01-05T10:13:52+00:00","og_image":[{"width":2560,"height":1920,"url":"https:\/\/nextdestination.banyoles.cat\/wp-content\/uploads\/2025\/12\/Mirador-Joan-de-Palau_millores_2-scaled.jpg","type":"image\/jpeg"}],"author":"Lidia Anglada","twitter_card":"summary_large_image","twitter_misc":{"Escrito por":"Lidia Anglada","Tiempo de lectura":"3 minutos"},"schema":{"@context":"https:\/\/schema.org","@graph":[{"@type":"Article","@id":"https:\/\/nextdestination.banyoles.cat\/es\/el-ayuntamiento-de-banyoles-ha-terminado-la-remodelacion-y-mejora-del-mirador-joan-de-palau\/#article","isPartOf":{"@id":"https:\/\/nextdestination.banyoles.cat\/es\/el-ayuntamiento-de-banyoles-ha-terminado-la-remodelacion-y-mejora-del-mirador-joan-de-palau\/"},"author":{"name":"Lidia Anglada","@id":"https:\/\/nextdestination.banyoles.cat\/es\/#\/schema\/person\/cd9310acb444b33ddd008463bd36e0f9"},"headline":"Nueva iluminaci\u00f3n y mejoras en el Mirador Joan de Palau de Banyoles.","datePublished":"2025-12-24T10:15:38+00:00","dateModified":"2026-01-05T10:13:52+00:00","mainEntityOfPage":{"@id":"https:\/\/nextdestination.banyoles.cat\/es\/el-ayuntamiento-de-banyoles-ha-terminado-la-remodelacion-y-mejora-del-mirador-joan-de-palau\/"},"wordCount":418,"publisher":{"@id":"https:\/\/nextdestination.banyoles.cat\/es\/#organization"},"image":{"@id":"https:\/\/nextdestination.banyoles.cat\/es\/el-ayuntamiento-de-banyoles-ha-terminado-la-remodelacion-y-mejora-del-mirador-joan-de-palau\/#primaryimage"},"thumbnailUrl":"https:\/\/nextdestination.banyoles.cat\/wp-content\/uploads\/2025\/12\/Mirador-Joan-de-Palau_millores_2-scaled.jpg","keywords":["AyuntamientoDeBanyoles","Banyoles","mirador","MiradorBanyoles","MiradorJoanDePalau","NextGeneration","PlanSostenibilidadTuristica"],"articleSection":["Sin categorizar"],"inLanguage":"es"},{"@type":"WebPage","@id":"https:\/\/nextdestination.banyoles.cat\/es\/el-ayuntamiento-de-banyoles-ha-terminado-la-remodelacion-y-mejora-del-mirador-joan-de-palau\/","url":"https:\/\/nextdestination.banyoles.cat\/es\/el-ayuntamiento-de-banyoles-ha-terminado-la-remodelacion-y-mejora-del-mirador-joan-de-palau\/","name":"Nueva iluminaci\u00f3n y mejoras en el Mirador Joan de Palau de Banyoles. - Banyoles \u00b7 Next Destination","isPartOf":{"@id":"https:\/\/nextdestination.banyoles.cat\/es\/#website"},"primaryImageOfPage":{"@id":"https:\/\/nextdestination.banyoles.cat\/es\/el-ayuntamiento-de-banyoles-ha-terminado-la-remodelacion-y-mejora-del-mirador-joan-de-palau\/#primaryimage"},"image":{"@id":"https:\/\/nextdestination.banyoles.cat\/es\/el-ayuntamiento-de-banyoles-ha-terminado-la-remodelacion-y-mejora-del-mirador-joan-de-palau\/#primaryimage"},"thumbnailUrl":"https:\/\/nextdestination.banyoles.cat\/wp-content\/uploads\/2025\/12\/Mirador-Joan-de-Palau_millores_2-scaled.jpg","datePublished":"2025-12-24T10:15:38+00:00","dateModified":"2026-01-05T10:13:52+00:00","description":"El Ayuntamiento de Banyoles ha terminado las obras de remodelaci\u00f3n, iluminaci\u00f3n y mejora del Mirador Joan de Palau","breadcrumb":{"@id":"https:\/\/nextdestination.banyoles.cat\/es\/el-ayuntamiento-de-banyoles-ha-terminado-la-remodelacion-y-mejora-del-mirador-joan-de-palau\/#breadcrumb"},"inLanguage":"es","potentialAction":[{"@type":"ReadAction","target":["https:\/\/nextdestination.banyoles.cat\/es\/el-ayuntamiento-de-banyoles-ha-terminado-la-remodelacion-y-mejora-del-mirador-joan-de-palau\/"]}]},{"@type":"ImageObject","inLanguage":"es","@id":"https:\/\/nextdestination.banyoles.cat\/es\/el-ayuntamiento-de-banyoles-ha-terminado-la-remodelacion-y-mejora-del-mirador-joan-de-palau\/#primaryimage","url":"https:\/\/nextdestination.banyoles.cat\/wp-content\/uploads\/2025\/12\/Mirador-Joan-de-Palau_millores_2-scaled.jpg","contentUrl":"https:\/\/nextdestination.banyoles.cat\/wp-content\/uploads\/2025\/12\/Mirador-Joan-de-Palau_millores_2-scaled.jpg","width":2560,"height":1920},{"@type":"BreadcrumbList","@id":"https:\/\/nextdestination.banyoles.cat\/es\/el-ayuntamiento-de-banyoles-ha-terminado-la-remodelacion-y-mejora-del-mirador-joan-de-palau\/#breadcrumb","itemListElement":[{"@type":"ListItem","position":1,"name":"Portada","item":"https:\/\/nextdestination.banyoles.cat\/es\/nextgeneration\/"},{"@type":"ListItem","position":2,"name":"Nueva iluminaci\u00f3n y mejoras en el Mirador Joan de Palau de Banyoles."}]},{"@type":"WebSite","@id":"https:\/\/nextdestination.banyoles.cat\/es\/#website","url":"https:\/\/nextdestination.banyoles.cat\/es\/","name":"Nextgeneration","description":"","publisher":{"@id":"https:\/\/nextdestination.banyoles.cat\/es\/#organization"},"potentialAction":[{"@type":"SearchAction","target":{"@type":"EntryPoint","urlTemplate":"https:\/\/nextdestination.banyoles.cat\/es\/?s={search_term_string}"},"query-input":{"@type":"PropertyValueSpecification","valueRequired":true,"valueName":"search_term_string"}}],"inLanguage":"es"},{"@type":"Organization","@id":"https:\/\/nextdestination.banyoles.cat\/es\/#organization","name":"Nextgeneration","url":"https:\/\/nextdestination.banyoles.cat\/es\/","logo":{"@type":"ImageObject","inLanguage":"es","@id":"https:\/\/nextdestination.banyoles.cat\/es\/#\/schema\/logo\/image\/","url":"https:\/\/nextdestination.banyoles.cat\/wp-content\/uploads\/2024\/04\/Frame-11.png","contentUrl":"https:\/\/nextdestination.banyoles.cat\/wp-content\/uploads\/2024\/04\/Frame-11.png","width":356,"height":142,"caption":"Nextgeneration"},"image":{"@id":"https:\/\/nextdestination.banyoles.cat\/es\/#\/schema\/logo\/image\/"}},{"@type":"Person","@id":"https:\/\/nextdestination.banyoles.cat\/es\/#\/schema\/person\/cd9310acb444b33ddd008463bd36e0f9","name":"Lidia Anglada","image":{"@type":"ImageObject","inLanguage":"es","@id":"https:\/\/secure.gravatar.com\/avatar\/2002a8c189e8bd9b31d58977f1d7704aea9b3048473fbc571dd9057080b51f88?s=96&d=mm&r=g","url":"https:\/\/secure.gravatar.com\/avatar\/2002a8c189e8bd9b31d58977f1d7704aea9b3048473fbc571dd9057080b51f88?s=96&d=mm&r=g","contentUrl":"https:\/\/secure.gravatar.com\/avatar\/2002a8c189e8bd9b31d58977f1d7704aea9b3048473fbc571dd9057080b51f88?s=96&d=mm&r=g","caption":"Lidia Anglada"},"url":"https:\/\/nextdestination.banyoles.cat\/es\/author\/lidia\/"}]}},"_links":{"self":[{"href":"https:\/\/nextdestination.banyoles.cat\/es\/wp-json\/wp\/v2\/posts\/1570","targetHints":{"allow":["GET"]}}],"collection":[{"href":"https:\/\/nextdestination.banyoles.cat\/es\/wp-json\/wp\/v2\/posts"}],"about":[{"href":"https:\/\/nextdestination.banyoles.cat\/es\/wp-json\/wp\/v2\/types\/post"}],"author":[{"embeddable":true,"href":"https:\/\/nextdestination.banyoles.cat\/es\/wp-json\/wp\/v2\/users\/2"}],"replies":[{"embeddable":true,"href":"https:\/\/nextdestination.banyoles.cat\/es\/wp-json\/wp\/v2\/comments?post=1570"}],"version-history":[{"count":4,"href":"https:\/\/nextdestination.banyoles.cat\/es\/wp-json\/wp\/v2\/posts\/1570\/revisions"}],"predecessor-version":[{"id":1580,"href":"https:\/\/nextdestination.banyoles.cat\/es\/wp-json\/wp\/v2\/posts\/1570\/revisions\/1580"}],"wp:featuredmedia":[{"embeddable":true,"href":"https:\/\/nextdestination.banyoles.cat\/es\/wp-json\/wp\/v2\/media\/1563"}],"wp:attachment":[{"href":"https:\/\/nextdestination.banyoles.cat\/es\/wp-json\/wp\/v2\/media?parent=1570"}],"wp:term":[{"taxonomy":"category","embeddable":true,"href":"https:\/\/nextdestination.banyoles.cat\/es\/wp-json\/wp\/v2\/categories?post=1570"},{"taxonomy":"post_tag","embeddable":true,"href":"https:\/\/nextdestination.banyoles.cat\/es\/wp-json\/wp\/v2\/tags?post=1570"}],"curies":[{"name":"wp","href":"https:\/\/api.w.org\/{rel}","templated":true}]}}