{"id":1554,"date":"2025-12-23T12:25:54","date_gmt":"2025-12-23T11:25:54","guid":{"rendered":"https:\/\/nextdestination.banyoles.cat\/?p=1554"},"modified":"2026-01-05T12:21:53","modified_gmt":"2026-01-05T11:21:53","slug":"banyoles-presenta-la-finalizacion-del-proyecto-de-mejora-de-la-red-de-carriles-bici-del-municipio","status":"publish","type":"post","link":"https:\/\/nextdestination.banyoles.cat\/es\/banyoles-presenta-la-finalizacion-del-proyecto-de-mejora-de-la-red-de-carriles-bici-del-municipio\/","title":{"rendered":"Banyoles presenta la finalizaci\u00f3n del proyecto de mejora de la red de carriles bici del municipio."},"content":{"rendered":"<p><strong>\u2022 Se trata de la actuaci\u00f3n n\u00famero 7 del Plan de Sostenibilidad Tur\u00edstica en Destino (PSTD), financiada en el marco de la Convocatoria Extraordinaria 2022 Plan de Recuperaci\u00f3n, Transformaci\u00f3n y Resiliencia, Financiado por la Uni\u00f3n Europea &#8211; Next Generation EU.<\/strong><\/p>\n<p>Banyoles es una ciudad con gran tradici\u00f3n ciclista gracias a su peque\u00f1a extensi\u00f3n y poco desnivel. Es f\u00e1cil ver a gente de todas las edades desplaz\u00e1ndose en bicicleta por Banyoles, ya sea para ir a trabajar, a realizar encargos, a la escuela o para hacer deporte. Con la actuaci\u00f3n 7 &#8216;Carriles bici conectando v\u00eda verde y red ciclable definida en el Plan director de la bicicleta&#8217;, un proyecto definido en el Plan director de la bicicleta incluido en el PSTD Banyoles, Ciudad del Agua, se ha ampliado y mejorado la red de itinerarios ciclistas del municipio, una actuaci\u00f3n que beneficia tanto a la ciudadan\u00eda como a los turistas.<\/p>\n<p>Por un lado, se ha dado continuidad y se ha mejorado la conexi\u00f3n entre el Estany y los principales puntos de inter\u00e9s en la ciudad y la ruta de las V\u00edas Verdes, y por otro, se ha logrado la conexi\u00f3n entre los diferentes barrios de la ciudad y de los barrios con todos los centros educativos de primaria y secundaria del municipio. As\u00ed, con esta actuaci\u00f3n, se da prioridad a las bicicletas y a los peatones, pacificando tambi\u00e9n el tr\u00e1fico en todas estas zonas.<\/p>\n<p>En total el proyecto ha contado con un presupuesto de 293.572,16 euros en el que se han realizado las 8 actuaciones siguientes:<\/p>\n<p><strong>Carril bicicleta <em>passeig de la Ind\u00fastria<\/em>:<\/strong> creaci\u00f3n de un carril bici bidireccional que conecta el ya existente carril bici del paseo Llu\u00eds Constans, conectando el Estany y la plaza Major.<\/p>\n<p><strong>Pasos ciclistas en el <em>passeig Llu\u00eds Constans<\/em>:<\/strong> mejora de los pasos ciclistas en la acera bici del paseo, ensanchando los vados existentes para alinearlos con la trayectoria de las bicicletas y se\u00f1alizando el paso bici en la calzada y mejorando la visibilidad en los cruces reordenando el aparcamiento.<\/p>\n<p><strong>Conexi\u00f3n ciclista <em>avinguda de la Farga<\/em> con la v\u00eda verde: <\/strong>mejora de la se\u00f1alizaci\u00f3n de la acera bici y mejora de la conexi\u00f3n con la v\u00eda verde en el cruce con la Ronda Canaleta y mejora de la se\u00f1alizaci\u00f3n vertical.<\/p>\n<p><strong>Conexi\u00f3n y mejora del carril bici de la Carretera Vilavenut:<\/strong> mejora de la se\u00f1alizaci\u00f3n horizontal y vertical del carril bici de la carretera Vilavenut, reposici\u00f3n de los separadores de caucho en mal estado y ubicaci\u00f3n de pilones flexibles en los cruces y entradas de vados para proteger las bicicletas. Creaci\u00f3n de carril bici bidireccional en la calle Baix para dar continuidad al carril bici de la carretera Vilavenut hasta el centro urbano.<\/p>\n<p><strong>Mejora del carril bici del <em>carrer Ausi\u00e0s March<\/em> y su continuidad por la Ronda Canaleta:<\/strong> mejora del carril bici de la calle Ausi\u00e0s March, con una nueva capa de microasfalto y pintado del carril bici actual como acera compartida entre peatones y bicicletas. Tambi\u00e9n se ha se\u00f1alizado la calzada como calzada con prioridad ciclista para legitimar la presencia de bicicletas en la calzada, pensando en que en momentos en los que haya peatones en la acera, las bicicletas puedan circular por la calzada, o para legitimar las bicicletas que quieren circular m\u00e1s r\u00e1pidamente y quieran hacerlo por la calzada. La se\u00f1alizaci\u00f3n de bicicletas en la calzada se extiende hasta el inicio del carril bici de la v\u00eda verde en la Ronda Canaleta.<\/p>\n<p><strong>Conexiones ciclistas incluidas a lo largo del curso del <em>rec de Gu\u00e8mol<\/em>:<\/strong> creaci\u00f3n de una conexi\u00f3n ciclista entre el carril bici de la calle Llu\u00eds Constans y el INS Pla de l&#8217;Estany siguiendo parte del curso del Rec de Gu\u00e8mol y conectando con el Parque del Pla de l&#8217;Ametller. El primer tramo consiste en la creaci\u00f3n de un carril bici bidireccional en la calle Lleida. El segundo tramo consiste en el estrechamiento de la calle Jaume Farriol para crear una acera t\u00e1ctica, segregada del tr\u00e1fico con pilonas. Por \u00faltimo, la conexi\u00f3n se completa con la creaci\u00f3n de un carril bici bidireccional hasta la calle Cam\u00f3s, donde se puede conectar con la acera bici existente.<\/p>\n<p><strong>Conexiones ciclistas que mejoran la conexi\u00f3n del centro hist\u00f3rico de la ciudad con la V\u00eda Verde y el bosque de Can Puig:<\/strong> la acci\u00f3n incluye la creaci\u00f3n de un carril bici bidireccional en el camino Fondo y la se\u00f1alizaci\u00f3n del paso de bicicletas en la calzada en la carretera Figueroles. En este tramo se reconvierte el carril bici existente en acera t\u00e1ctica, renovando la se\u00f1alizaci\u00f3n horizontal. Por \u00faltimo la conexi\u00f3n se completa con un carril bici en la calle Boi Juscafresa.<\/p>\n<p><strong>Mejora de conexiones del centro:<\/strong> mejora de la se\u00f1alizaci\u00f3n vertical y horizontal en las calles del centro que deben permitir completar las principales conexiones de inter\u00e9s ciclista. Se destaca la se\u00f1alizaci\u00f3n de una franja peatonal y ciclista en la Ronda Monestir y Ronda Forti\u00e0.<\/p>\n<p>&nbsp;<\/p>\n","protected":false},"excerpt":{"rendered":"<p>\u2022 Se trata de la actuaci\u00f3n n\u00famero 7 del Plan de Sostenibilidad Tur\u00edstica en Destino (PSTD), financiada en el marco de la Convocatoria Extraordinaria 2022 Plan de Recuperaci\u00f3n, Transformaci\u00f3n y Resiliencia, Financiado por la Uni\u00f3n Europea &#8211; Next Generation EU. Banyoles es una ciudad con gran tradici\u00f3n ciclista gracias a su peque\u00f1a extensi\u00f3n y poco&#8230;<\/p>\n","protected":false},"author":2,"featured_media":1548,"comment_status":"closed","ping_status":"closed","sticky":false,"template":"","format":"standard","meta":{"footnotes":""},"categories":[1],"tags":[57,58,64,63,56,65],"class_list":["post-1554","post","type-post","status-publish","format-standard","has-post-thumbnail","hentry","category-sin-categorizar","tag-ayuntamientodebanyoles","tag-banyoles","tag-carrilbici","tag-nexgeneration","tag-plansostenibilidadturistica","tag-viaciclable"],"yoast_head":"<!-- This site is optimized with the Yoast SEO plugin v27.4 - https:\/\/yoast.com\/product\/yoast-seo-wordpress\/ -->\n<title>Banyoles presenta la finalizaci\u00f3n del proyecto de mejora de la red de carriles bici del municipio. - Banyoles \u00b7 Next Destination<\/title>\n<meta name=\"description\" content=\"El Ayuntamiento de Banyoles ha finalizado el proyecto de mejora de la red de carriles bici del municipio.\" \/>\n<meta name=\"robots\" content=\"index, follow, max-snippet:-1, max-image-preview:large, max-video-preview:-1\" \/>\n<link rel=\"canonical\" href=\"https:\/\/nextdestination.banyoles.cat\/es\/banyoles-presenta-la-finalizacion-del-proyecto-de-mejora-de-la-red-de-carriles-bici-del-municipio\/\" \/>\n<meta property=\"og:locale\" content=\"es_ES\" \/>\n<meta property=\"og:type\" content=\"article\" \/>\n<meta property=\"og:title\" content=\"Banyoles presenta la finalizaci\u00f3n del proyecto de mejora de la red de carriles bici del municipio. - Banyoles \u00b7 Next Destination\" \/>\n<meta property=\"og:description\" content=\"El Ayuntamiento de Banyoles ha finalizado el proyecto de mejora de la red de carriles bici del municipio.\" \/>\n<meta property=\"og:url\" content=\"https:\/\/nextdestination.banyoles.cat\/es\/banyoles-presenta-la-finalizacion-del-proyecto-de-mejora-de-la-red-de-carriles-bici-del-municipio\/\" \/>\n<meta property=\"og:site_name\" content=\"Banyoles \u00b7 Next Destination\" \/>\n<meta property=\"article:published_time\" content=\"2025-12-23T11:25:54+00:00\" \/>\n<meta property=\"article:modified_time\" content=\"2026-01-05T11:21:53+00:00\" \/>\n<meta property=\"og:image\" content=\"https:\/\/nextdestination.banyoles.cat\/wp-content\/uploads\/2025\/12\/carrilbici.png\" \/>\n\t<meta property=\"og:image:width\" content=\"683\" \/>\n\t<meta property=\"og:image:height\" content=\"363\" \/>\n\t<meta property=\"og:image:type\" content=\"image\/png\" \/>\n<meta name=\"author\" content=\"Lidia Anglada\" \/>\n<meta name=\"twitter:card\" content=\"summary_large_image\" \/>\n<meta name=\"twitter:label1\" content=\"Escrito por\" \/>\n\t<meta name=\"twitter:data1\" content=\"Lidia Anglada\" \/>\n\t<meta name=\"twitter:label2\" content=\"Tiempo de lectura\" \/>\n\t<meta name=\"twitter:data2\" content=\"5 minutos\" \/>\n<script type=\"application\/ld+json\" class=\"yoast-schema-graph\">{\"@context\":\"https:\\\/\\\/schema.org\",\"@graph\":[{\"@type\":\"Article\",\"@id\":\"https:\\\/\\\/nextdestination.banyoles.cat\\\/es\\\/banyoles-presenta-la-finalizacion-del-proyecto-de-mejora-de-la-red-de-carriles-bici-del-municipio\\\/#article\",\"isPartOf\":{\"@id\":\"https:\\\/\\\/nextdestination.banyoles.cat\\\/es\\\/banyoles-presenta-la-finalizacion-del-proyecto-de-mejora-de-la-red-de-carriles-bici-del-municipio\\\/\"},\"author\":{\"name\":\"Lidia Anglada\",\"@id\":\"https:\\\/\\\/nextdestination.banyoles.cat\\\/es\\\/#\\\/schema\\\/person\\\/cd9310acb444b33ddd008463bd36e0f9\"},\"headline\":\"Banyoles presenta la finalizaci\u00f3n del proyecto de mejora de la red de carriles bici del municipio.\",\"datePublished\":\"2025-12-23T11:25:54+00:00\",\"dateModified\":\"2026-01-05T11:21:53+00:00\",\"mainEntityOfPage\":{\"@id\":\"https:\\\/\\\/nextdestination.banyoles.cat\\\/es\\\/banyoles-presenta-la-finalizacion-del-proyecto-de-mejora-de-la-red-de-carriles-bici-del-municipio\\\/\"},\"wordCount\":896,\"publisher\":{\"@id\":\"https:\\\/\\\/nextdestination.banyoles.cat\\\/es\\\/#organization\"},\"image\":{\"@id\":\"https:\\\/\\\/nextdestination.banyoles.cat\\\/es\\\/banyoles-presenta-la-finalizacion-del-proyecto-de-mejora-de-la-red-de-carriles-bici-del-municipio\\\/#primaryimage\"},\"thumbnailUrl\":\"https:\\\/\\\/nextdestination.banyoles.cat\\\/wp-content\\\/uploads\\\/2025\\\/12\\\/carrilbici.png\",\"keywords\":[\"AyuntamientoDeBanyoles\",\"Banyoles\",\"carrilbici\",\"NexGeneration\",\"PlanSostenibilidadTuristica\",\"ViaCiclable\"],\"articleSection\":[\"Sin categorizar\"],\"inLanguage\":\"es\"},{\"@type\":\"WebPage\",\"@id\":\"https:\\\/\\\/nextdestination.banyoles.cat\\\/es\\\/banyoles-presenta-la-finalizacion-del-proyecto-de-mejora-de-la-red-de-carriles-bici-del-municipio\\\/\",\"url\":\"https:\\\/\\\/nextdestination.banyoles.cat\\\/es\\\/banyoles-presenta-la-finalizacion-del-proyecto-de-mejora-de-la-red-de-carriles-bici-del-municipio\\\/\",\"name\":\"Banyoles presenta la finalizaci\u00f3n del proyecto de mejora de la red de carriles bici del municipio. - Banyoles \u00b7 Next Destination\",\"isPartOf\":{\"@id\":\"https:\\\/\\\/nextdestination.banyoles.cat\\\/es\\\/#website\"},\"primaryImageOfPage\":{\"@id\":\"https:\\\/\\\/nextdestination.banyoles.cat\\\/es\\\/banyoles-presenta-la-finalizacion-del-proyecto-de-mejora-de-la-red-de-carriles-bici-del-municipio\\\/#primaryimage\"},\"image\":{\"@id\":\"https:\\\/\\\/nextdestination.banyoles.cat\\\/es\\\/banyoles-presenta-la-finalizacion-del-proyecto-de-mejora-de-la-red-de-carriles-bici-del-municipio\\\/#primaryimage\"},\"thumbnailUrl\":\"https:\\\/\\\/nextdestination.banyoles.cat\\\/wp-content\\\/uploads\\\/2025\\\/12\\\/carrilbici.png\",\"datePublished\":\"2025-12-23T11:25:54+00:00\",\"dateModified\":\"2026-01-05T11:21:53+00:00\",\"description\":\"El Ayuntamiento de Banyoles ha finalizado el proyecto de mejora de la red de carriles bici del municipio.\",\"breadcrumb\":{\"@id\":\"https:\\\/\\\/nextdestination.banyoles.cat\\\/es\\\/banyoles-presenta-la-finalizacion-del-proyecto-de-mejora-de-la-red-de-carriles-bici-del-municipio\\\/#breadcrumb\"},\"inLanguage\":\"es\",\"potentialAction\":[{\"@type\":\"ReadAction\",\"target\":[\"https:\\\/\\\/nextdestination.banyoles.cat\\\/es\\\/banyoles-presenta-la-finalizacion-del-proyecto-de-mejora-de-la-red-de-carriles-bici-del-municipio\\\/\"]}]},{\"@type\":\"ImageObject\",\"inLanguage\":\"es\",\"@id\":\"https:\\\/\\\/nextdestination.banyoles.cat\\\/es\\\/banyoles-presenta-la-finalizacion-del-proyecto-de-mejora-de-la-red-de-carriles-bici-del-municipio\\\/#primaryimage\",\"url\":\"https:\\\/\\\/nextdestination.banyoles.cat\\\/wp-content\\\/uploads\\\/2025\\\/12\\\/carrilbici.png\",\"contentUrl\":\"https:\\\/\\\/nextdestination.banyoles.cat\\\/wp-content\\\/uploads\\\/2025\\\/12\\\/carrilbici.png\",\"width\":683,\"height\":363,\"caption\":\"fotografia pintura i senyalitzaci\u00f3 d'un carril bici\"},{\"@type\":\"BreadcrumbList\",\"@id\":\"https:\\\/\\\/nextdestination.banyoles.cat\\\/es\\\/banyoles-presenta-la-finalizacion-del-proyecto-de-mejora-de-la-red-de-carriles-bici-del-municipio\\\/#breadcrumb\",\"itemListElement\":[{\"@type\":\"ListItem\",\"position\":1,\"name\":\"Portada\",\"item\":\"https:\\\/\\\/nextdestination.banyoles.cat\\\/es\\\/nextgeneration\\\/\"},{\"@type\":\"ListItem\",\"position\":2,\"name\":\"Banyoles presenta la finalizaci\u00f3n del proyecto de mejora de la red de carriles bici del municipio.\"}]},{\"@type\":\"WebSite\",\"@id\":\"https:\\\/\\\/nextdestination.banyoles.cat\\\/es\\\/#website\",\"url\":\"https:\\\/\\\/nextdestination.banyoles.cat\\\/es\\\/\",\"name\":\"Nextgeneration\",\"description\":\"\",\"publisher\":{\"@id\":\"https:\\\/\\\/nextdestination.banyoles.cat\\\/es\\\/#organization\"},\"potentialAction\":[{\"@type\":\"SearchAction\",\"target\":{\"@type\":\"EntryPoint\",\"urlTemplate\":\"https:\\\/\\\/nextdestination.banyoles.cat\\\/es\\\/?s={search_term_string}\"},\"query-input\":{\"@type\":\"PropertyValueSpecification\",\"valueRequired\":true,\"valueName\":\"search_term_string\"}}],\"inLanguage\":\"es\"},{\"@type\":\"Organization\",\"@id\":\"https:\\\/\\\/nextdestination.banyoles.cat\\\/es\\\/#organization\",\"name\":\"Nextgeneration\",\"url\":\"https:\\\/\\\/nextdestination.banyoles.cat\\\/es\\\/\",\"logo\":{\"@type\":\"ImageObject\",\"inLanguage\":\"es\",\"@id\":\"https:\\\/\\\/nextdestination.banyoles.cat\\\/es\\\/#\\\/schema\\\/logo\\\/image\\\/\",\"url\":\"https:\\\/\\\/nextdestination.banyoles.cat\\\/wp-content\\\/uploads\\\/2024\\\/04\\\/Frame-11.png\",\"contentUrl\":\"https:\\\/\\\/nextdestination.banyoles.cat\\\/wp-content\\\/uploads\\\/2024\\\/04\\\/Frame-11.png\",\"width\":356,\"height\":142,\"caption\":\"Nextgeneration\"},\"image\":{\"@id\":\"https:\\\/\\\/nextdestination.banyoles.cat\\\/es\\\/#\\\/schema\\\/logo\\\/image\\\/\"}},{\"@type\":\"Person\",\"@id\":\"https:\\\/\\\/nextdestination.banyoles.cat\\\/es\\\/#\\\/schema\\\/person\\\/cd9310acb444b33ddd008463bd36e0f9\",\"name\":\"Lidia Anglada\",\"image\":{\"@type\":\"ImageObject\",\"inLanguage\":\"es\",\"@id\":\"https:\\\/\\\/secure.gravatar.com\\\/avatar\\\/2002a8c189e8bd9b31d58977f1d7704aea9b3048473fbc571dd9057080b51f88?s=96&d=mm&r=g\",\"url\":\"https:\\\/\\\/secure.gravatar.com\\\/avatar\\\/2002a8c189e8bd9b31d58977f1d7704aea9b3048473fbc571dd9057080b51f88?s=96&d=mm&r=g\",\"contentUrl\":\"https:\\\/\\\/secure.gravatar.com\\\/avatar\\\/2002a8c189e8bd9b31d58977f1d7704aea9b3048473fbc571dd9057080b51f88?s=96&d=mm&r=g\",\"caption\":\"Lidia Anglada\"},\"url\":\"https:\\\/\\\/nextdestination.banyoles.cat\\\/es\\\/author\\\/lidia\\\/\"}]}<\/script>\n<!-- \/ Yoast SEO plugin. -->","yoast_head_json":{"title":"Banyoles presenta la finalizaci\u00f3n del proyecto de mejora de la red de carriles bici del municipio. - Banyoles \u00b7 Next Destination","description":"El Ayuntamiento de Banyoles ha finalizado el proyecto de mejora de la red de carriles bici del municipio.","robots":{"index":"index","follow":"follow","max-snippet":"max-snippet:-1","max-image-preview":"max-image-preview:large","max-video-preview":"max-video-preview:-1"},"canonical":"https:\/\/nextdestination.banyoles.cat\/es\/banyoles-presenta-la-finalizacion-del-proyecto-de-mejora-de-la-red-de-carriles-bici-del-municipio\/","og_locale":"es_ES","og_type":"article","og_title":"Banyoles presenta la finalizaci\u00f3n del proyecto de mejora de la red de carriles bici del municipio. - Banyoles \u00b7 Next Destination","og_description":"El Ayuntamiento de Banyoles ha finalizado el proyecto de mejora de la red de carriles bici del municipio.","og_url":"https:\/\/nextdestination.banyoles.cat\/es\/banyoles-presenta-la-finalizacion-del-proyecto-de-mejora-de-la-red-de-carriles-bici-del-municipio\/","og_site_name":"Banyoles \u00b7 Next Destination","article_published_time":"2025-12-23T11:25:54+00:00","article_modified_time":"2026-01-05T11:21:53+00:00","og_image":[{"width":683,"height":363,"url":"https:\/\/nextdestination.banyoles.cat\/wp-content\/uploads\/2025\/12\/carrilbici.png","type":"image\/png"}],"author":"Lidia Anglada","twitter_card":"summary_large_image","twitter_misc":{"Escrito por":"Lidia Anglada","Tiempo de lectura":"5 minutos"},"schema":{"@context":"https:\/\/schema.org","@graph":[{"@type":"Article","@id":"https:\/\/nextdestination.banyoles.cat\/es\/banyoles-presenta-la-finalizacion-del-proyecto-de-mejora-de-la-red-de-carriles-bici-del-municipio\/#article","isPartOf":{"@id":"https:\/\/nextdestination.banyoles.cat\/es\/banyoles-presenta-la-finalizacion-del-proyecto-de-mejora-de-la-red-de-carriles-bici-del-municipio\/"},"author":{"name":"Lidia Anglada","@id":"https:\/\/nextdestination.banyoles.cat\/es\/#\/schema\/person\/cd9310acb444b33ddd008463bd36e0f9"},"headline":"Banyoles presenta la finalizaci\u00f3n del proyecto de mejora de la red de carriles bici del municipio.","datePublished":"2025-12-23T11:25:54+00:00","dateModified":"2026-01-05T11:21:53+00:00","mainEntityOfPage":{"@id":"https:\/\/nextdestination.banyoles.cat\/es\/banyoles-presenta-la-finalizacion-del-proyecto-de-mejora-de-la-red-de-carriles-bici-del-municipio\/"},"wordCount":896,"publisher":{"@id":"https:\/\/nextdestination.banyoles.cat\/es\/#organization"},"image":{"@id":"https:\/\/nextdestination.banyoles.cat\/es\/banyoles-presenta-la-finalizacion-del-proyecto-de-mejora-de-la-red-de-carriles-bici-del-municipio\/#primaryimage"},"thumbnailUrl":"https:\/\/nextdestination.banyoles.cat\/wp-content\/uploads\/2025\/12\/carrilbici.png","keywords":["AyuntamientoDeBanyoles","Banyoles","carrilbici","NexGeneration","PlanSostenibilidadTuristica","ViaCiclable"],"articleSection":["Sin categorizar"],"inLanguage":"es"},{"@type":"WebPage","@id":"https:\/\/nextdestination.banyoles.cat\/es\/banyoles-presenta-la-finalizacion-del-proyecto-de-mejora-de-la-red-de-carriles-bici-del-municipio\/","url":"https:\/\/nextdestination.banyoles.cat\/es\/banyoles-presenta-la-finalizacion-del-proyecto-de-mejora-de-la-red-de-carriles-bici-del-municipio\/","name":"Banyoles presenta la finalizaci\u00f3n del proyecto de mejora de la red de carriles bici del municipio. - Banyoles \u00b7 Next Destination","isPartOf":{"@id":"https:\/\/nextdestination.banyoles.cat\/es\/#website"},"primaryImageOfPage":{"@id":"https:\/\/nextdestination.banyoles.cat\/es\/banyoles-presenta-la-finalizacion-del-proyecto-de-mejora-de-la-red-de-carriles-bici-del-municipio\/#primaryimage"},"image":{"@id":"https:\/\/nextdestination.banyoles.cat\/es\/banyoles-presenta-la-finalizacion-del-proyecto-de-mejora-de-la-red-de-carriles-bici-del-municipio\/#primaryimage"},"thumbnailUrl":"https:\/\/nextdestination.banyoles.cat\/wp-content\/uploads\/2025\/12\/carrilbici.png","datePublished":"2025-12-23T11:25:54+00:00","dateModified":"2026-01-05T11:21:53+00:00","description":"El Ayuntamiento de Banyoles ha finalizado el proyecto de mejora de la red de carriles bici del municipio.","breadcrumb":{"@id":"https:\/\/nextdestination.banyoles.cat\/es\/banyoles-presenta-la-finalizacion-del-proyecto-de-mejora-de-la-red-de-carriles-bici-del-municipio\/#breadcrumb"},"inLanguage":"es","potentialAction":[{"@type":"ReadAction","target":["https:\/\/nextdestination.banyoles.cat\/es\/banyoles-presenta-la-finalizacion-del-proyecto-de-mejora-de-la-red-de-carriles-bici-del-municipio\/"]}]},{"@type":"ImageObject","inLanguage":"es","@id":"https:\/\/nextdestination.banyoles.cat\/es\/banyoles-presenta-la-finalizacion-del-proyecto-de-mejora-de-la-red-de-carriles-bici-del-municipio\/#primaryimage","url":"https:\/\/nextdestination.banyoles.cat\/wp-content\/uploads\/2025\/12\/carrilbici.png","contentUrl":"https:\/\/nextdestination.banyoles.cat\/wp-content\/uploads\/2025\/12\/carrilbici.png","width":683,"height":363,"caption":"fotografia pintura i senyalitzaci\u00f3 d'un carril bici"},{"@type":"BreadcrumbList","@id":"https:\/\/nextdestination.banyoles.cat\/es\/banyoles-presenta-la-finalizacion-del-proyecto-de-mejora-de-la-red-de-carriles-bici-del-municipio\/#breadcrumb","itemListElement":[{"@type":"ListItem","position":1,"name":"Portada","item":"https:\/\/nextdestination.banyoles.cat\/es\/nextgeneration\/"},{"@type":"ListItem","position":2,"name":"Banyoles presenta la finalizaci\u00f3n del proyecto de mejora de la red de carriles bici del municipio."}]},{"@type":"WebSite","@id":"https:\/\/nextdestination.banyoles.cat\/es\/#website","url":"https:\/\/nextdestination.banyoles.cat\/es\/","name":"Nextgeneration","description":"","publisher":{"@id":"https:\/\/nextdestination.banyoles.cat\/es\/#organization"},"potentialAction":[{"@type":"SearchAction","target":{"@type":"EntryPoint","urlTemplate":"https:\/\/nextdestination.banyoles.cat\/es\/?s={search_term_string}"},"query-input":{"@type":"PropertyValueSpecification","valueRequired":true,"valueName":"search_term_string"}}],"inLanguage":"es"},{"@type":"Organization","@id":"https:\/\/nextdestination.banyoles.cat\/es\/#organization","name":"Nextgeneration","url":"https:\/\/nextdestination.banyoles.cat\/es\/","logo":{"@type":"ImageObject","inLanguage":"es","@id":"https:\/\/nextdestination.banyoles.cat\/es\/#\/schema\/logo\/image\/","url":"https:\/\/nextdestination.banyoles.cat\/wp-content\/uploads\/2024\/04\/Frame-11.png","contentUrl":"https:\/\/nextdestination.banyoles.cat\/wp-content\/uploads\/2024\/04\/Frame-11.png","width":356,"height":142,"caption":"Nextgeneration"},"image":{"@id":"https:\/\/nextdestination.banyoles.cat\/es\/#\/schema\/logo\/image\/"}},{"@type":"Person","@id":"https:\/\/nextdestination.banyoles.cat\/es\/#\/schema\/person\/cd9310acb444b33ddd008463bd36e0f9","name":"Lidia Anglada","image":{"@type":"ImageObject","inLanguage":"es","@id":"https:\/\/secure.gravatar.com\/avatar\/2002a8c189e8bd9b31d58977f1d7704aea9b3048473fbc571dd9057080b51f88?s=96&d=mm&r=g","url":"https:\/\/secure.gravatar.com\/avatar\/2002a8c189e8bd9b31d58977f1d7704aea9b3048473fbc571dd9057080b51f88?s=96&d=mm&r=g","contentUrl":"https:\/\/secure.gravatar.com\/avatar\/2002a8c189e8bd9b31d58977f1d7704aea9b3048473fbc571dd9057080b51f88?s=96&d=mm&r=g","caption":"Lidia Anglada"},"url":"https:\/\/nextdestination.banyoles.cat\/es\/author\/lidia\/"}]}},"_links":{"self":[{"href":"https:\/\/nextdestination.banyoles.cat\/es\/wp-json\/wp\/v2\/posts\/1554","targetHints":{"allow":["GET"]}}],"collection":[{"href":"https:\/\/nextdestination.banyoles.cat\/es\/wp-json\/wp\/v2\/posts"}],"about":[{"href":"https:\/\/nextdestination.banyoles.cat\/es\/wp-json\/wp\/v2\/types\/post"}],"author":[{"embeddable":true,"href":"https:\/\/nextdestination.banyoles.cat\/es\/wp-json\/wp\/v2\/users\/2"}],"replies":[{"embeddable":true,"href":"https:\/\/nextdestination.banyoles.cat\/es\/wp-json\/wp\/v2\/comments?post=1554"}],"version-history":[{"count":4,"href":"https:\/\/nextdestination.banyoles.cat\/es\/wp-json\/wp\/v2\/posts\/1554\/revisions"}],"predecessor-version":[{"id":1583,"href":"https:\/\/nextdestination.banyoles.cat\/es\/wp-json\/wp\/v2\/posts\/1554\/revisions\/1583"}],"wp:featuredmedia":[{"embeddable":true,"href":"https:\/\/nextdestination.banyoles.cat\/es\/wp-json\/wp\/v2\/media\/1548"}],"wp:attachment":[{"href":"https:\/\/nextdestination.banyoles.cat\/es\/wp-json\/wp\/v2\/media?parent=1554"}],"wp:term":[{"taxonomy":"category","embeddable":true,"href":"https:\/\/nextdestination.banyoles.cat\/es\/wp-json\/wp\/v2\/categories?post=1554"},{"taxonomy":"post_tag","embeddable":true,"href":"https:\/\/nextdestination.banyoles.cat\/es\/wp-json\/wp\/v2\/tags?post=1554"}],"curies":[{"name":"wp","href":"https:\/\/api.w.org\/{rel}","templated":true}]}}