{"id":1541,"date":"2025-12-23T12:06:18","date_gmt":"2025-12-23T11:06:18","guid":{"rendered":"https:\/\/nextdestination.banyoles.cat\/?p=1541"},"modified":"2025-12-24T11:40:57","modified_gmt":"2025-12-24T10:40:57","slug":"banyoles-recupera-proyecto-aparcamiento-autocaravanas-compartido-con-porqueres","status":"publish","type":"post","link":"https:\/\/nextdestination.banyoles.cat\/es\/banyoles-recupera-proyecto-aparcamiento-autocaravanas-compartido-con-porqueres\/","title":{"rendered":"Banyoles descarta el aparcamiento de autocaravanas de la Puda y negocia un emplazamiento conjunto con Porqueres."},"content":{"rendered":"<p><strong>\u2022 Se ha desestimado el proyecto, financiado en el Plan de Sostenibilidad Tur\u00edstica, por una cuesti\u00f3n urban\u00edstica.<\/strong><\/p>\n<p>El Ayuntamiento de Banyoles ha descartado la adecuaci\u00f3n de un aparcamiento de autocaravanas en un terreno adquirido por el consistorio entre el Puig de la Fontpudosa y la carretera de Mi\u00e0nigues. El proyecto formaba parte de las acciones previstas en el Plan de Sostenibilidad Tur\u00edstica Banyoles \u2013 <em>Ciutat de l&#8217;Aigua<\/em>, financiado con fondos Next Generation, con la previsi\u00f3n de que estuviera terminado en 2026. Finalmente, se ha descartado por motivos t\u00e9cnicos.<\/p>\n<p>Seg\u00fan argumenta el alcalde, <strong>Miquel Noguer<\/strong>, hasta que no est\u00e9 desarrollada urban\u00edsticamente aquella zona, donde se prev\u00e9 la construcci\u00f3n de una rotonda para mejorar la movilidad, no es t\u00e9cnicamente viable realizar el aparcamiento previsto. A cambio de este proyecto, el Plan de Sostenibilidad Tur\u00edstica incorporar\u00e1 la instalaci\u00f3n de nuevas compuertas en el Estany.<\/p>\n<p><strong>Recuperan el proyecto conjunto con Porqueres<\/strong><\/p>\n<p>De momento, el proyecto queda aparcado, y el consistorio ha recuperado el proyecto de realizar un aparcamiento de autocaravanas conjuntamente con Porqueres. Precisamente, el municipio vecino est\u00e1 trabajando para adecuar un espacio de estas caracter\u00edsticas junto al antiguo restaurante La Masia, una ubicaci\u00f3n que ya hab\u00eda estado anteriormente sobre la mesa. El alcalde de Banyoles no ha concretado los detalles del acuerdo, que se est\u00e1n trabajando, y si finalmente no es posible, se buscar\u00eda alg\u00fan otro espacio.<\/p>\n<p>En el terreno de debajo del Puig de la Puda, actualmente agr\u00edcola, se proyectaba un \u00e1rea de acogida de autocaravanas de 5.000 m\u00b2 con una capacidad prevista de 30 plazas. Algunos vecinos de la zona no ve\u00edan bien el proyecto y manifestaron su malestar.<\/p>\n","protected":false},"excerpt":{"rendered":"<p>\u2022 Se ha desestimado el proyecto, financiado en el Plan de Sostenibilidad Tur\u00edstica, por una cuesti\u00f3n urban\u00edstica. El Ayuntamiento de Banyoles ha descartado la adecuaci\u00f3n de un aparcamiento de autocaravanas en un terreno adquirido por el consistorio entre el Puig de la Fontpudosa y la carretera de Mi\u00e0nigues. El proyecto formaba parte de las acciones&#8230;<\/p>\n","protected":false},"author":2,"featured_media":1538,"comment_status":"closed","ping_status":"closed","sticky":false,"template":"","format":"standard","meta":{"footnotes":""},"categories":[1],"tags":[66,67,57,58,59,56,65],"class_list":["post-1541","post","type-post","status-publish","format-standard","has-post-thumbnail","hentry","category-sin-categorizar","tag-aparcamientoautocaravanas","tag-autocaravanas","tag-ayuntamientodebanyoles","tag-banyoles","tag-nextgeneration","tag-plansostenibilidadturistica","tag-viaciclable"],"yoast_head":"<!-- This site is optimized with the Yoast SEO plugin v27.4 - https:\/\/yoast.com\/product\/yoast-seo-wordpress\/ -->\n<title>Banyoles descarta el aparcamiento de autocaravanas de la Puda y negocia un emplazamiento conjunto con Porqueres. - Banyoles \u00b7 Next Destination<\/title>\n<meta name=\"description\" content=\"El Ayuntamiento de Banyoles ha presentado un nuevo producto tur\u00edstico bajo la marca Banyoles Cycling que propone rutas gravel y de carretera\" \/>\n<meta name=\"robots\" content=\"index, follow, max-snippet:-1, max-image-preview:large, max-video-preview:-1\" \/>\n<link rel=\"canonical\" href=\"https:\/\/nextdestination.banyoles.cat\/es\/banyoles-recupera-proyecto-aparcamiento-autocaravanas-compartido-con-porqueres\/\" \/>\n<meta property=\"og:locale\" content=\"es_ES\" \/>\n<meta property=\"og:type\" content=\"article\" \/>\n<meta property=\"og:title\" content=\"Banyoles descarta el aparcamiento de autocaravanas de la Puda y negocia un emplazamiento conjunto con Porqueres. - Banyoles \u00b7 Next Destination\" \/>\n<meta property=\"og:description\" content=\"El Ayuntamiento de Banyoles ha presentado un nuevo producto tur\u00edstico bajo la marca Banyoles Cycling que propone rutas gravel y de carretera\" \/>\n<meta property=\"og:url\" content=\"https:\/\/nextdestination.banyoles.cat\/es\/banyoles-recupera-proyecto-aparcamiento-autocaravanas-compartido-con-porqueres\/\" \/>\n<meta property=\"og:site_name\" content=\"Banyoles \u00b7 Next Destination\" \/>\n<meta property=\"article:published_time\" content=\"2025-12-23T11:06:18+00:00\" \/>\n<meta property=\"article:modified_time\" content=\"2025-12-24T10:40:57+00:00\" \/>\n<meta property=\"og:image\" content=\"https:\/\/nextdestination.banyoles.cat\/wp-content\/uploads\/2025\/12\/caravanes2.jpg\" \/>\n\t<meta property=\"og:image:width\" content=\"1200\" \/>\n\t<meta property=\"og:image:height\" content=\"675\" \/>\n\t<meta property=\"og:image:type\" content=\"image\/jpeg\" \/>\n<meta name=\"author\" content=\"Lidia Anglada\" \/>\n<meta name=\"twitter:card\" content=\"summary_large_image\" \/>\n<meta name=\"twitter:label1\" content=\"Escrito por\" \/>\n\t<meta name=\"twitter:data1\" content=\"Lidia Anglada\" \/>\n\t<meta name=\"twitter:label2\" content=\"Tiempo de lectura\" \/>\n\t<meta name=\"twitter:data2\" content=\"2 minutos\" \/>\n<script type=\"application\/ld+json\" class=\"yoast-schema-graph\">{\"@context\":\"https:\\\/\\\/schema.org\",\"@graph\":[{\"@type\":\"Article\",\"@id\":\"https:\\\/\\\/nextdestination.banyoles.cat\\\/es\\\/banyoles-recupera-proyecto-aparcamiento-autocaravanas-compartido-con-porqueres\\\/#article\",\"isPartOf\":{\"@id\":\"https:\\\/\\\/nextdestination.banyoles.cat\\\/es\\\/banyoles-recupera-proyecto-aparcamiento-autocaravanas-compartido-con-porqueres\\\/\"},\"author\":{\"name\":\"Lidia Anglada\",\"@id\":\"https:\\\/\\\/nextdestination.banyoles.cat\\\/es\\\/#\\\/schema\\\/person\\\/cd9310acb444b33ddd008463bd36e0f9\"},\"headline\":\"Banyoles descarta el aparcamiento de autocaravanas de la Puda y negocia un emplazamiento conjunto con Porqueres.\",\"datePublished\":\"2025-12-23T11:06:18+00:00\",\"dateModified\":\"2025-12-24T10:40:57+00:00\",\"mainEntityOfPage\":{\"@id\":\"https:\\\/\\\/nextdestination.banyoles.cat\\\/es\\\/banyoles-recupera-proyecto-aparcamiento-autocaravanas-compartido-con-porqueres\\\/\"},\"wordCount\":302,\"publisher\":{\"@id\":\"https:\\\/\\\/nextdestination.banyoles.cat\\\/es\\\/#organization\"},\"image\":{\"@id\":\"https:\\\/\\\/nextdestination.banyoles.cat\\\/es\\\/banyoles-recupera-proyecto-aparcamiento-autocaravanas-compartido-con-porqueres\\\/#primaryimage\"},\"thumbnailUrl\":\"https:\\\/\\\/nextdestination.banyoles.cat\\\/wp-content\\\/uploads\\\/2025\\\/12\\\/caravanes2.jpg\",\"keywords\":[\"aparcamientoautocaravanas\",\"autocaravanas\",\"AyuntamientoDeBanyoles\",\"Banyoles\",\"NextGeneration\",\"PlanSostenibilidadTuristica\",\"ViaCiclable\"],\"articleSection\":[\"Sin categorizar\"],\"inLanguage\":\"es\"},{\"@type\":\"WebPage\",\"@id\":\"https:\\\/\\\/nextdestination.banyoles.cat\\\/es\\\/banyoles-recupera-proyecto-aparcamiento-autocaravanas-compartido-con-porqueres\\\/\",\"url\":\"https:\\\/\\\/nextdestination.banyoles.cat\\\/es\\\/banyoles-recupera-proyecto-aparcamiento-autocaravanas-compartido-con-porqueres\\\/\",\"name\":\"Banyoles descarta el aparcamiento de autocaravanas de la Puda y negocia un emplazamiento conjunto con Porqueres. - Banyoles \u00b7 Next Destination\",\"isPartOf\":{\"@id\":\"https:\\\/\\\/nextdestination.banyoles.cat\\\/es\\\/#website\"},\"primaryImageOfPage\":{\"@id\":\"https:\\\/\\\/nextdestination.banyoles.cat\\\/es\\\/banyoles-recupera-proyecto-aparcamiento-autocaravanas-compartido-con-porqueres\\\/#primaryimage\"},\"image\":{\"@id\":\"https:\\\/\\\/nextdestination.banyoles.cat\\\/es\\\/banyoles-recupera-proyecto-aparcamiento-autocaravanas-compartido-con-porqueres\\\/#primaryimage\"},\"thumbnailUrl\":\"https:\\\/\\\/nextdestination.banyoles.cat\\\/wp-content\\\/uploads\\\/2025\\\/12\\\/caravanes2.jpg\",\"datePublished\":\"2025-12-23T11:06:18+00:00\",\"dateModified\":\"2025-12-24T10:40:57+00:00\",\"description\":\"El Ayuntamiento de Banyoles ha presentado un nuevo producto tur\u00edstico bajo la marca Banyoles Cycling que propone rutas gravel y de carretera\",\"breadcrumb\":{\"@id\":\"https:\\\/\\\/nextdestination.banyoles.cat\\\/es\\\/banyoles-recupera-proyecto-aparcamiento-autocaravanas-compartido-con-porqueres\\\/#breadcrumb\"},\"inLanguage\":\"es\",\"potentialAction\":[{\"@type\":\"ReadAction\",\"target\":[\"https:\\\/\\\/nextdestination.banyoles.cat\\\/es\\\/banyoles-recupera-proyecto-aparcamiento-autocaravanas-compartido-con-porqueres\\\/\"]}]},{\"@type\":\"ImageObject\",\"inLanguage\":\"es\",\"@id\":\"https:\\\/\\\/nextdestination.banyoles.cat\\\/es\\\/banyoles-recupera-proyecto-aparcamiento-autocaravanas-compartido-con-porqueres\\\/#primaryimage\",\"url\":\"https:\\\/\\\/nextdestination.banyoles.cat\\\/wp-content\\\/uploads\\\/2025\\\/12\\\/caravanes2.jpg\",\"contentUrl\":\"https:\\\/\\\/nextdestination.banyoles.cat\\\/wp-content\\\/uploads\\\/2025\\\/12\\\/caravanes2.jpg\",\"width\":1200,\"height\":675,\"caption\":\"terrenys on es projectava fer l'aparcament d'autocaravanes\"},{\"@type\":\"BreadcrumbList\",\"@id\":\"https:\\\/\\\/nextdestination.banyoles.cat\\\/es\\\/banyoles-recupera-proyecto-aparcamiento-autocaravanas-compartido-con-porqueres\\\/#breadcrumb\",\"itemListElement\":[{\"@type\":\"ListItem\",\"position\":1,\"name\":\"Portada\",\"item\":\"https:\\\/\\\/nextdestination.banyoles.cat\\\/es\\\/nextgeneration\\\/\"},{\"@type\":\"ListItem\",\"position\":2,\"name\":\"Banyoles descarta el aparcamiento de autocaravanas de la Puda y negocia un emplazamiento conjunto con Porqueres.\"}]},{\"@type\":\"WebSite\",\"@id\":\"https:\\\/\\\/nextdestination.banyoles.cat\\\/es\\\/#website\",\"url\":\"https:\\\/\\\/nextdestination.banyoles.cat\\\/es\\\/\",\"name\":\"Nextgeneration\",\"description\":\"\",\"publisher\":{\"@id\":\"https:\\\/\\\/nextdestination.banyoles.cat\\\/es\\\/#organization\"},\"potentialAction\":[{\"@type\":\"SearchAction\",\"target\":{\"@type\":\"EntryPoint\",\"urlTemplate\":\"https:\\\/\\\/nextdestination.banyoles.cat\\\/es\\\/?s={search_term_string}\"},\"query-input\":{\"@type\":\"PropertyValueSpecification\",\"valueRequired\":true,\"valueName\":\"search_term_string\"}}],\"inLanguage\":\"es\"},{\"@type\":\"Organization\",\"@id\":\"https:\\\/\\\/nextdestination.banyoles.cat\\\/es\\\/#organization\",\"name\":\"Nextgeneration\",\"url\":\"https:\\\/\\\/nextdestination.banyoles.cat\\\/es\\\/\",\"logo\":{\"@type\":\"ImageObject\",\"inLanguage\":\"es\",\"@id\":\"https:\\\/\\\/nextdestination.banyoles.cat\\\/es\\\/#\\\/schema\\\/logo\\\/image\\\/\",\"url\":\"https:\\\/\\\/nextdestination.banyoles.cat\\\/wp-content\\\/uploads\\\/2024\\\/04\\\/Frame-11.png\",\"contentUrl\":\"https:\\\/\\\/nextdestination.banyoles.cat\\\/wp-content\\\/uploads\\\/2024\\\/04\\\/Frame-11.png\",\"width\":356,\"height\":142,\"caption\":\"Nextgeneration\"},\"image\":{\"@id\":\"https:\\\/\\\/nextdestination.banyoles.cat\\\/es\\\/#\\\/schema\\\/logo\\\/image\\\/\"}},{\"@type\":\"Person\",\"@id\":\"https:\\\/\\\/nextdestination.banyoles.cat\\\/es\\\/#\\\/schema\\\/person\\\/cd9310acb444b33ddd008463bd36e0f9\",\"name\":\"Lidia Anglada\",\"image\":{\"@type\":\"ImageObject\",\"inLanguage\":\"es\",\"@id\":\"https:\\\/\\\/secure.gravatar.com\\\/avatar\\\/2002a8c189e8bd9b31d58977f1d7704aea9b3048473fbc571dd9057080b51f88?s=96&d=mm&r=g\",\"url\":\"https:\\\/\\\/secure.gravatar.com\\\/avatar\\\/2002a8c189e8bd9b31d58977f1d7704aea9b3048473fbc571dd9057080b51f88?s=96&d=mm&r=g\",\"contentUrl\":\"https:\\\/\\\/secure.gravatar.com\\\/avatar\\\/2002a8c189e8bd9b31d58977f1d7704aea9b3048473fbc571dd9057080b51f88?s=96&d=mm&r=g\",\"caption\":\"Lidia Anglada\"},\"url\":\"https:\\\/\\\/nextdestination.banyoles.cat\\\/es\\\/author\\\/lidia\\\/\"}]}<\/script>\n<!-- \/ Yoast SEO plugin. -->","yoast_head_json":{"title":"Banyoles descarta el aparcamiento de autocaravanas de la Puda y negocia un emplazamiento conjunto con Porqueres. - Banyoles \u00b7 Next Destination","description":"El Ayuntamiento de Banyoles ha presentado un nuevo producto tur\u00edstico bajo la marca Banyoles Cycling que propone rutas gravel y de carretera","robots":{"index":"index","follow":"follow","max-snippet":"max-snippet:-1","max-image-preview":"max-image-preview:large","max-video-preview":"max-video-preview:-1"},"canonical":"https:\/\/nextdestination.banyoles.cat\/es\/banyoles-recupera-proyecto-aparcamiento-autocaravanas-compartido-con-porqueres\/","og_locale":"es_ES","og_type":"article","og_title":"Banyoles descarta el aparcamiento de autocaravanas de la Puda y negocia un emplazamiento conjunto con Porqueres. - Banyoles \u00b7 Next Destination","og_description":"El Ayuntamiento de Banyoles ha presentado un nuevo producto tur\u00edstico bajo la marca Banyoles Cycling que propone rutas gravel y de carretera","og_url":"https:\/\/nextdestination.banyoles.cat\/es\/banyoles-recupera-proyecto-aparcamiento-autocaravanas-compartido-con-porqueres\/","og_site_name":"Banyoles \u00b7 Next Destination","article_published_time":"2025-12-23T11:06:18+00:00","article_modified_time":"2025-12-24T10:40:57+00:00","og_image":[{"width":1200,"height":675,"url":"https:\/\/nextdestination.banyoles.cat\/wp-content\/uploads\/2025\/12\/caravanes2.jpg","type":"image\/jpeg"}],"author":"Lidia Anglada","twitter_card":"summary_large_image","twitter_misc":{"Escrito por":"Lidia Anglada","Tiempo de lectura":"2 minutos"},"schema":{"@context":"https:\/\/schema.org","@graph":[{"@type":"Article","@id":"https:\/\/nextdestination.banyoles.cat\/es\/banyoles-recupera-proyecto-aparcamiento-autocaravanas-compartido-con-porqueres\/#article","isPartOf":{"@id":"https:\/\/nextdestination.banyoles.cat\/es\/banyoles-recupera-proyecto-aparcamiento-autocaravanas-compartido-con-porqueres\/"},"author":{"name":"Lidia Anglada","@id":"https:\/\/nextdestination.banyoles.cat\/es\/#\/schema\/person\/cd9310acb444b33ddd008463bd36e0f9"},"headline":"Banyoles descarta el aparcamiento de autocaravanas de la Puda y negocia un emplazamiento conjunto con Porqueres.","datePublished":"2025-12-23T11:06:18+00:00","dateModified":"2025-12-24T10:40:57+00:00","mainEntityOfPage":{"@id":"https:\/\/nextdestination.banyoles.cat\/es\/banyoles-recupera-proyecto-aparcamiento-autocaravanas-compartido-con-porqueres\/"},"wordCount":302,"publisher":{"@id":"https:\/\/nextdestination.banyoles.cat\/es\/#organization"},"image":{"@id":"https:\/\/nextdestination.banyoles.cat\/es\/banyoles-recupera-proyecto-aparcamiento-autocaravanas-compartido-con-porqueres\/#primaryimage"},"thumbnailUrl":"https:\/\/nextdestination.banyoles.cat\/wp-content\/uploads\/2025\/12\/caravanes2.jpg","keywords":["aparcamientoautocaravanas","autocaravanas","AyuntamientoDeBanyoles","Banyoles","NextGeneration","PlanSostenibilidadTuristica","ViaCiclable"],"articleSection":["Sin categorizar"],"inLanguage":"es"},{"@type":"WebPage","@id":"https:\/\/nextdestination.banyoles.cat\/es\/banyoles-recupera-proyecto-aparcamiento-autocaravanas-compartido-con-porqueres\/","url":"https:\/\/nextdestination.banyoles.cat\/es\/banyoles-recupera-proyecto-aparcamiento-autocaravanas-compartido-con-porqueres\/","name":"Banyoles descarta el aparcamiento de autocaravanas de la Puda y negocia un emplazamiento conjunto con Porqueres. - Banyoles \u00b7 Next Destination","isPartOf":{"@id":"https:\/\/nextdestination.banyoles.cat\/es\/#website"},"primaryImageOfPage":{"@id":"https:\/\/nextdestination.banyoles.cat\/es\/banyoles-recupera-proyecto-aparcamiento-autocaravanas-compartido-con-porqueres\/#primaryimage"},"image":{"@id":"https:\/\/nextdestination.banyoles.cat\/es\/banyoles-recupera-proyecto-aparcamiento-autocaravanas-compartido-con-porqueres\/#primaryimage"},"thumbnailUrl":"https:\/\/nextdestination.banyoles.cat\/wp-content\/uploads\/2025\/12\/caravanes2.jpg","datePublished":"2025-12-23T11:06:18+00:00","dateModified":"2025-12-24T10:40:57+00:00","description":"El Ayuntamiento de Banyoles ha presentado un nuevo producto tur\u00edstico bajo la marca Banyoles Cycling que propone rutas gravel y de carretera","breadcrumb":{"@id":"https:\/\/nextdestination.banyoles.cat\/es\/banyoles-recupera-proyecto-aparcamiento-autocaravanas-compartido-con-porqueres\/#breadcrumb"},"inLanguage":"es","potentialAction":[{"@type":"ReadAction","target":["https:\/\/nextdestination.banyoles.cat\/es\/banyoles-recupera-proyecto-aparcamiento-autocaravanas-compartido-con-porqueres\/"]}]},{"@type":"ImageObject","inLanguage":"es","@id":"https:\/\/nextdestination.banyoles.cat\/es\/banyoles-recupera-proyecto-aparcamiento-autocaravanas-compartido-con-porqueres\/#primaryimage","url":"https:\/\/nextdestination.banyoles.cat\/wp-content\/uploads\/2025\/12\/caravanes2.jpg","contentUrl":"https:\/\/nextdestination.banyoles.cat\/wp-content\/uploads\/2025\/12\/caravanes2.jpg","width":1200,"height":675,"caption":"terrenys on es projectava fer l'aparcament d'autocaravanes"},{"@type":"BreadcrumbList","@id":"https:\/\/nextdestination.banyoles.cat\/es\/banyoles-recupera-proyecto-aparcamiento-autocaravanas-compartido-con-porqueres\/#breadcrumb","itemListElement":[{"@type":"ListItem","position":1,"name":"Portada","item":"https:\/\/nextdestination.banyoles.cat\/es\/nextgeneration\/"},{"@type":"ListItem","position":2,"name":"Banyoles descarta el aparcamiento de autocaravanas de la Puda y negocia un emplazamiento conjunto con Porqueres."}]},{"@type":"WebSite","@id":"https:\/\/nextdestination.banyoles.cat\/es\/#website","url":"https:\/\/nextdestination.banyoles.cat\/es\/","name":"Nextgeneration","description":"","publisher":{"@id":"https:\/\/nextdestination.banyoles.cat\/es\/#organization"},"potentialAction":[{"@type":"SearchAction","target":{"@type":"EntryPoint","urlTemplate":"https:\/\/nextdestination.banyoles.cat\/es\/?s={search_term_string}"},"query-input":{"@type":"PropertyValueSpecification","valueRequired":true,"valueName":"search_term_string"}}],"inLanguage":"es"},{"@type":"Organization","@id":"https:\/\/nextdestination.banyoles.cat\/es\/#organization","name":"Nextgeneration","url":"https:\/\/nextdestination.banyoles.cat\/es\/","logo":{"@type":"ImageObject","inLanguage":"es","@id":"https:\/\/nextdestination.banyoles.cat\/es\/#\/schema\/logo\/image\/","url":"https:\/\/nextdestination.banyoles.cat\/wp-content\/uploads\/2024\/04\/Frame-11.png","contentUrl":"https:\/\/nextdestination.banyoles.cat\/wp-content\/uploads\/2024\/04\/Frame-11.png","width":356,"height":142,"caption":"Nextgeneration"},"image":{"@id":"https:\/\/nextdestination.banyoles.cat\/es\/#\/schema\/logo\/image\/"}},{"@type":"Person","@id":"https:\/\/nextdestination.banyoles.cat\/es\/#\/schema\/person\/cd9310acb444b33ddd008463bd36e0f9","name":"Lidia Anglada","image":{"@type":"ImageObject","inLanguage":"es","@id":"https:\/\/secure.gravatar.com\/avatar\/2002a8c189e8bd9b31d58977f1d7704aea9b3048473fbc571dd9057080b51f88?s=96&d=mm&r=g","url":"https:\/\/secure.gravatar.com\/avatar\/2002a8c189e8bd9b31d58977f1d7704aea9b3048473fbc571dd9057080b51f88?s=96&d=mm&r=g","contentUrl":"https:\/\/secure.gravatar.com\/avatar\/2002a8c189e8bd9b31d58977f1d7704aea9b3048473fbc571dd9057080b51f88?s=96&d=mm&r=g","caption":"Lidia Anglada"},"url":"https:\/\/nextdestination.banyoles.cat\/es\/author\/lidia\/"}]}},"_links":{"self":[{"href":"https:\/\/nextdestination.banyoles.cat\/es\/wp-json\/wp\/v2\/posts\/1541","targetHints":{"allow":["GET"]}}],"collection":[{"href":"https:\/\/nextdestination.banyoles.cat\/es\/wp-json\/wp\/v2\/posts"}],"about":[{"href":"https:\/\/nextdestination.banyoles.cat\/es\/wp-json\/wp\/v2\/types\/post"}],"author":[{"embeddable":true,"href":"https:\/\/nextdestination.banyoles.cat\/es\/wp-json\/wp\/v2\/users\/2"}],"replies":[{"embeddable":true,"href":"https:\/\/nextdestination.banyoles.cat\/es\/wp-json\/wp\/v2\/comments?post=1541"}],"version-history":[{"count":1,"href":"https:\/\/nextdestination.banyoles.cat\/es\/wp-json\/wp\/v2\/posts\/1541\/revisions"}],"predecessor-version":[{"id":1553,"href":"https:\/\/nextdestination.banyoles.cat\/es\/wp-json\/wp\/v2\/posts\/1541\/revisions\/1553"}],"wp:featuredmedia":[{"embeddable":true,"href":"https:\/\/nextdestination.banyoles.cat\/es\/wp-json\/wp\/v2\/media\/1538"}],"wp:attachment":[{"href":"https:\/\/nextdestination.banyoles.cat\/es\/wp-json\/wp\/v2\/media?parent=1541"}],"wp:term":[{"taxonomy":"category","embeddable":true,"href":"https:\/\/nextdestination.banyoles.cat\/es\/wp-json\/wp\/v2\/categories?post=1541"},{"taxonomy":"post_tag","embeddable":true,"href":"https:\/\/nextdestination.banyoles.cat\/es\/wp-json\/wp\/v2\/tags?post=1541"}],"curies":[{"name":"wp","href":"https:\/\/api.w.org\/{rel}","templated":true}]}}